{"id":19101,"date":"2026-01-27T12:00:06","date_gmt":"2026-01-27T11:00:06","guid":{"rendered":"https:\/\/retirada37.com\/?p=19101"},"modified":"2026-01-27T12:00:06","modified_gmt":"2026-01-27T11:00:06","slug":"espagne-reactions-syndicales-contra-el-fascismo","status":"publish","type":"post","link":"https:\/\/retirada37.com\/?p=19101","title":{"rendered":"Espagne\u00a0: r\u00e9actions syndicales \u00ab\u00a0Contra el fascismo\u00a0\u00bb"},"content":{"rendered":"<p>Article de Paco Audije dans la Vie Ouvri\u00e8re, mensuel de la CGT de novembre 2025<\/p>\n<p>Troisi\u00e8me force politique du pays, le parti ultranationaliste Vox donne de la voix, soutenu par nombre de responsables fran\u00e7ais, italiens, et d\u2019ailleurs, de l\u2019extr\u00eame droite<\/p>\n<p>Presque un millier de personnes se sont r\u00e9unies ce 28 septembre devant la d\u00e9l\u00e9gation du gouvernement central (l\u2019\u00e9quivalent d\u2019une pr\u00e9fecture en France). Elles demandaient l\u2019interdiction de Galerna Fest, un festival n\u00e9ofasciste annuel qui programme des tables rondes et des concerts de musique. Des militants de l\u2019ultradroite sont venus de toutes parts, des autres provinces d\u2019Espagne, mais aussi d\u2019autres pays europ\u00e9ens. <\/p>\n<p>Rapha\u00ebl Ayma (Rafael Ferron Lagier, de son vrai nom) est pr\u00e9sent. Il appartient \u00e0 un groupuscule n\u00e9ofasciste d\u2019Aix-en-Provence et a travaill\u00e9 comme assistant<br \/>\nparlementaire pour le Rassemblement national (RN).<\/p>\n<p>Surveill\u00e9 par la police, le groupe d\u2019extr\u00eame droite s\u2019est rendu devant le si\u00e8ge local du PSOE (Parti socialiste ouvrier espagnol) derri\u00e8re une pancarte qui demandait la \u00ab remigraci\u00f3n \u00bb. C\u2019est Santiago Abascal, pr\u00e9sident de Vox, le parti fr\u00e8re du RN en Espagne, qui r\u00e9clame cette \u00ab\u00a0remigration\u00a0\u00bb\u00a0: l\u2019expulsion dans leurs pays d\u2019origine de plusieurs millions d\u2019immigr\u00e9s, y compris ceux qui ont \u00e9t\u00e9 naturalis\u00e9s. Abascal est d\u00e9put\u00e9, il est proche de Marine Le Pen et de Jordan Bardella. <\/p>\n<p>\u00ab C\u2019est un danger de premier ordre, l\u2019extr\u00eame droite utilise les instruments de la d\u00e9mocratie contre la d\u00e9mocratie\u00a0\u00bb, nous a dit Luc\u00eda, la quarantaine, rencontr\u00e9e parmi les manifestants antifascistes de Santander. F\u00e9ministe, syndicaliste de l\u2019UGT (Union g\u00e9n\u00e9rale de travailleurs, syndicat proche des socialistes), Luc\u00eda milite aussi au sein de l\u2019association Las calles contra el fascismo (Les rues contre le fascisme), qui se mobilise toujours contre les \u00e9v\u00e9nements publics organis\u00e9s par les groupes fascistes. <\/p>\n<p>LES JEUNES, UNE CIBLE PRIORITAIRE<\/p>\n<p>Des activistes du r\u00e9seau Rock contra el fascismo \u00e9taient aussi pr\u00e9sents. Environ 1 300 groupes de rock originaires de toute l\u2019Espagne ont sign\u00e9 un manifeste pour s\u2019opposer \u00e0 la pr\u00e9sence croissante d\u2019expressions fascistes dans les rues. Ce manifeste de Rock contra el fascismo a \u00e9t\u00e9 annonc\u00e9 en juin 2021, au si\u00e8ge madril\u00e8ne de la Conf\u00e9d\u00e9ration syndicale des Commissions ouvri\u00e8res (CCOO), le premier syndicat du pays, avec la pr\u00e9sence et le soutien d\u2019Unai Sordo, le secr\u00e9taire g\u00e9n\u00e9ral de CCOO. <\/p>\n<p>\u00ab Nous n\u2019avons pas de structures sp\u00e9cifiques contre l\u2019extr\u00eame droite, mais nous organisons de s\u00e9minaires pour cr\u00e9er d\u2019instruments p\u00e9dagogiques, par exemple sur les femmes ou sur la communication, dans les m\u00e9dias et sur les r\u00e9seaux sociaux, contre ces discours d\u00e9magogiques \u00bb, d\u00e9clare Luis Lombardo, responsable de communication des CCOO de Madrid. Ce dernier estime que l\u2019action syndicale doit avant tout se concentrer dans la jeunesse. \u00ab C\u2019est un espace qu\u2019il faut gagner\u00a0\u00bb, insiste-t-il. <\/p>\n<p>Selon un sondage r\u00e9cent publi\u00e9 par le quotidien El Pa\u00eds, Vox progresse surtout chez les jeunes\u00a0: 40 pour cent parmi les \u00e2g\u00e9s de 18 \u00e0 34 ans sont pr\u00eats, \u00e0 l\u2019occasion des prochains rendez-vous \u00e9lectoraux, \u00e0 voter Vox. Et ils sont les plus nombreux \u00e0 suivre Abascal sur TikTok, le r\u00e9seau social le plus utilis\u00e9 par les plus jeunes.<\/p>\n<p>Luis \u00c1ngel Card\u00edn, ancien secr\u00e9taire g\u00e9n\u00e9ral de l\u2019UGT en Cantabrie, pense que la gauche au pouvoir \u2013malgr\u00e9 quelques avanc\u00e9es sociales\u2013 s\u2019est \u00e9loign\u00e9e d\u2019enjeux comme l\u2019enseignement ou la sant\u00e9, qui restent la comp\u00e9tence des gouvernements r\u00e9gionaux surtout dirig\u00e9es par le PP (droite classique devenue tr\u00e8s trumpiste) en coalition avec Vox.<\/p>\n<p>TIRER LES ENSEIGNEMENTS DE L\u2019HISTOIRE<\/p>\n<p>Card\u00edn souligne aussi qu\u2019on n\u2019a pas suffisamment expliqu\u00e9 aux jeunes que la dictature de Franco, qui s\u2019est \u00e9tal\u00e9e de 1936 \u00e0 1975, avait forc\u00e9 \u00e0 l\u2019exil cinq millions d\u2019Espagnols. \u00ab\u00a0Nous n\u2019avons pas fait le r\u00e9cit de cette \u00e9migration forc\u00e9e, ni de leur exil ni des derni\u00e8res peines de mort qui ont \u00e9t\u00e9 appliqu\u00e9es vers la fin du r\u00e9gime franquiste\u00a0\u00bb, estime Luis \u00c1ngel Card\u00edn.<\/p>\n<p>Les discours n\u00e9o-franquistes marchent, donc, avec peu d\u2019entraves, tandis que la pr\u00e9sidente de la r\u00e9gion de Madrid, Isabel Ayuso (PP), vient de d\u00e9cider la suppression d\u2019une formation de professeurs  sur le traitement historique du franquisme. En m\u00eame temps, en Murcie (sud-est), le PP et Vox ont supprim\u00e9s dans les \u00e9coles quelques cours d\u2019arabe qui \u00e9taient cofinanc\u00e9s par le Maroc. Il y a six mois, la Conf\u00e9d\u00e9ration syndicale CCOO a pr\u00e9sent\u00e9 \u00e0 Berlin \u2013avec d\u2019autres syndicats internationaux\u2013 un projet pour \u00ab\u00a0faire<br \/>\nface aux extr\u00eames droites dans le monde du travail\u00a0\u00bb, pour combattre les discours n\u00e9ofascistes dans les espaces o\u00f9 se d\u00e9veloppe l\u2019action syndicale.<\/p>\n<p>En Espagne, les d\u00e9clarations anti\u2013gauche sont de plus en plus violentes. Abascal a, par exemple, d\u00e9clar\u00e9 au journal argentin Clar\u00edn que \u00ab\u00a0le peuple espagnol voudra pendre un jour Pedro S\u00e1nchez [le Premier ministre espagnol, NDLR], par ses pieds.\u00a0\u00bb <\/p>\n<p>Des propos r\u00e9cents du secr\u00e9taire g\u00e9n\u00e9ral du PP, Miguel Tellado, sugg\u00e9raient \u00e9galement aux Espagnols de commencer \u00e0 \u00ab\u00a0creuser la fosse de S\u00e1nchez\u00a0\u00bb. Une d\u00e9claration pour le moins choquante dans un pays qui compte encore, diss\u00e9min\u00e9es sur l\u2019ensemble du territoire, des milliers de fosses communes o\u00f9 sont enfouis plus d\u2019une centaine de milliers de morts, fusill\u00e9s par les troupes Franco.<\/p>\n<p>Saisi par le PSOE qui avait port\u00e9 plainte, le Tribunal supr\u00eame espagnol a tranch\u00e9\u00a0: les propos sont \u00ab\u00a0inacceptables du point de vue du discours \u00bb mais ne constituent pas un d\u00e9lit. Dans cette ambiance toxique, les journalistes d\u2019extr\u00eame droite jouent les provocateurs par l\u2019utilisation ill\u00e9gitime d\u2019accr\u00e9ditations de presse d\u00e9livr\u00e9es en faveur de publications financ\u00e9s par la droite. Agressifs, ils agissent m\u00eame \u00e0 l\u2019int\u00e9rieur du Congr\u00e8s des d\u00e9put\u00e9s (chambre basse) en harcelant leurs coll\u00e8gues d\u2019autres m\u00e9dias et les dirigeants de gauche.<\/p>\n<p>CAMPAGNES DE HAINE INC\u00c9SSANTES<\/p>\n<p>Selon Agust\u00edn Yanel, pr\u00e9sident de la F\u00e9d\u00e9ration de syndicats de journalistes, \u00ab\u00a0Vox refuse \u00e0 leurs r\u00e9unions aux journalistes qu\u2019ils n\u2019aiment pas, en m\u00eame temps qu\u2019ils lancent de campagnes de haine contre d\u2019autres professionnels des m\u00e9dias \u00bb. Les associations et syndicats de journalistes ont r\u00e9ussi \u00e0 faire modifier le r\u00e8glement de la chambre basse pour que ces accr\u00e9ditations usurpatoires soient annul\u00e9es. <\/p>\n<p>Il y a bien un syndicat proche \u00e0 Vox qui porte le nom de Solidaridad, mais \u00e0 niveau national, il n\u2019a re\u00e7u que 0,2 pour cent de bulletins de vote pendant les derni\u00e8res \u00e9lections syndicales Cela \u00e9tant, selon le dernier sondage du Centre d\u2019investigations sociologiques (CIS), Vox perd peu d\u2019intentions de vote. Il reste troisi\u00e8me force politique \u2013apr\u00e8s le PSOE et le PP\u2013 avec 17,3 pour cent <\/p>\n<p>\u00ab\u00a0Ils sont minoritaires, d\u2019accord, mais il y a toujours des travailleurs qui restent adh\u00e9rents aux syndicats ouvriers sensibles aux sir\u00e8nes n\u00e9ofascistes\u00bb, conclut Luis \u00c1ngel Card\u00edn. <\/p>\n","protected":false},"excerpt":{"rendered":"<p>Article de Paco Audije dans la Vie Ouvri\u00e8re, mensuel de la CGT de novembre 2025 Troisi\u00e8me force politique du pays, le parti ultranationaliste Vox donne de la voix, soutenu par nombre de responsables fran\u00e7ais, italiens, et d\u2019ailleurs, de l\u2019extr\u00eame droite Presque un millier de personnes se sont r\u00e9unies ce 28 septembre devant la d\u00e9l\u00e9gation du &hellip; <a href=\"https:\/\/retirada37.com\/?p=19101\" class=\"more-link\">Continuer la lecture de <span class=\"screen-reader-text\">Espagne\u00a0: r\u00e9actions syndicales \u00ab\u00a0Contra el fascismo\u00a0\u00bb<\/span>  <span class=\"meta-nav\">&rarr;<\/span><\/a><\/p>\n","protected":false},"author":2,"featured_media":0,"comment_status":"open","ping_status":"open","sticky":false,"template":"","format":"standard","meta":{"_bbp_topic_count":0,"_bbp_reply_count":0,"_bbp_total_topic_count":0,"_bbp_total_reply_count":0,"_bbp_voice_count":0,"_bbp_anonymous_reply_count":0,"_bbp_topic_count_hidden":0,"_bbp_reply_count_hidden":0,"_bbp_forum_subforum_count":0,"footnotes":""},"categories":[2],"tags":[],"class_list":["post-19101","post","type-post","status-publish","format-standard","hentry","category-actualites"],"_links":{"self":[{"href":"https:\/\/retirada37.com\/index.php?rest_route=\/wp\/v2\/posts\/19101","targetHints":{"allow":["GET"]}}],"collection":[{"href":"https:\/\/retirada37.com\/index.php?rest_route=\/wp\/v2\/posts"}],"about":[{"href":"https:\/\/retirada37.com\/index.php?rest_route=\/wp\/v2\/types\/post"}],"author":[{"embeddable":true,"href":"https:\/\/retirada37.com\/index.php?rest_route=\/wp\/v2\/users\/2"}],"replies":[{"embeddable":true,"href":"https:\/\/retirada37.com\/index.php?rest_route=%2Fwp%2Fv2%2Fcomments&post=19101"}],"version-history":[{"count":1,"href":"https:\/\/retirada37.com\/index.php?rest_route=\/wp\/v2\/posts\/19101\/revisions"}],"predecessor-version":[{"id":19102,"href":"https:\/\/retirada37.com\/index.php?rest_route=\/wp\/v2\/posts\/19101\/revisions\/19102"}],"wp:attachment":[{"href":"https:\/\/retirada37.com\/index.php?rest_route=%2Fwp%2Fv2%2Fmedia&parent=19101"}],"wp:term":[{"taxonomy":"category","embeddable":true,"href":"https:\/\/retirada37.com\/index.php?rest_route=%2Fwp%2Fv2%2Fcategories&post=19101"},{"taxonomy":"post_tag","embeddable":true,"href":"https:\/\/retirada37.com\/index.php?rest_route=%2Fwp%2Fv2%2Ftags&post=19101"}],"curies":[{"name":"wp","href":"https:\/\/api.w.org\/{rel}","templated":true}]}}