{"id":19093,"date":"2026-01-22T06:27:05","date_gmt":"2026-01-22T05:27:05","guid":{"rendered":"https:\/\/retirada37.com\/?p=19093"},"modified":"2026-01-21T16:30:48","modified_gmt":"2026-01-21T15:30:48","slug":"memorial-du-camp-de-rivesaltes-celine-sala-pons-defend-un-noeud-memoriel-crucial-pour-leducation-a-la-citoyennete","status":"publish","type":"post","link":"https:\/\/retirada37.com\/?p=19093","title":{"rendered":"M\u00e9morial du camp de Rivesaltes : C\u00e9line Sala-Pons d\u00e9fend un \u00ab n\u0153ud m\u00e9moriel \u00bb crucial pour l\u2019\u00e9ducation \u00e0 la citoyennet\u00e9"},"content":{"rendered":"<p>Un \u00ab laboratoire d\u2019innovation p\u00e9dagogique \u00bb. C\u2019est ainsi que C\u00e9line Sala-Pons qualifie le m\u00e9morial du camp de Rivesaltes, camp militaire devenu camp d\u2019internement pour les r\u00e9fugi\u00e9s espagnols dans les ann\u00e9es 40, puis outil du r\u00e9gime de Vichy dans la d\u00e9portation des Juifs et des Tsiganes avant d\u2019accueillir les Harkis apr\u00e8s la fin de la guerre d\u2019Alg\u00e9rie.<a href=\"https:\/\/retirada37.com\/wp-content\/uploads\/2026\/01\/CELINE-SALA-PONS-RESTITUTION-FOUILLES-CIMETIERE-HARKI-RIVESALTES-01-2025-04-28.webp\"><img loading=\"lazy\" decoding=\"async\" src=\"https:\/\/retirada37.com\/wp-content\/uploads\/2026\/01\/CELINE-SALA-PONS-RESTITUTION-FOUILLES-CIMETIERE-HARKI-RIVESALTES-01-2025-04-28.webp\" alt=\"\" width=\"930\" height=\"620\" class=\"alignnone size-full wp-image-19094\" srcset=\"https:\/\/retirada37.com\/wp-content\/uploads\/2026\/01\/CELINE-SALA-PONS-RESTITUTION-FOUILLES-CIMETIERE-HARKI-RIVESALTES-01-2025-04-28.webp 930w, https:\/\/retirada37.com\/wp-content\/uploads\/2026\/01\/CELINE-SALA-PONS-RESTITUTION-FOUILLES-CIMETIERE-HARKI-RIVESALTES-01-2025-04-28-300x200.webp 300w, https:\/\/retirada37.com\/wp-content\/uploads\/2026\/01\/CELINE-SALA-PONS-RESTITUTION-FOUILLES-CIMETIERE-HARKI-RIVESALTES-01-2025-04-28-768x512.webp 768w\" sizes=\"auto, (max-width: 930px) 100vw, 930px\" \/><\/a><\/p>\n<p>Alors que le site vient de signer une convention unique en France avec l\u2019\u00c9ducation nationale, sa directrice reconna\u00eet un lieu crucial dans la formation de l\u2019esprit critique et la transmission d\u2019une histoire parfois instrumentalis\u00e9e. Interview.<br \/>\nLe camp de Rivesaltes devient un site pilote de la politique d\u2019\u00e9ducation \u00e0 la m\u00e9moire et \u00e0 la citoyennet\u00e9. Que va permettre la signature de cette convention unique en France ?<\/p>\n<p>Nous devenons un lieu de r\u00e9f\u00e9rence en Europe. Je vois cette signature comme une marque de confiance mutuelle. On va conforter ce qui est en place, mais aussi missionner un nouvel enseignant d\u00e8s septembre, en plus des trois qui sont d\u00e9j\u00e0 \u00e0 la t\u00e2che une journ\u00e9e par semaine.<\/p>\n<p>On se projette donc sur les cinq prochaines ann\u00e9es avec des ambitions renouvel\u00e9es et amplifi\u00e9es autour de quatre axes principaux. D\u00e9j\u00e0, le renforcement de l\u2019inclusivit\u00e9 du lieu. Il faut qu\u2019on puisse s\u2019adresser \u00e0 des publics en situation de handicap ou \u00e9loign\u00e9s de la culture. Des classes d\u2019enfants sourds, par exemple. Deuxi\u00e8me axe. Il faut rapprocher le m\u00e9morial des \u00e9tablissements qui ne peuvent pas s\u2019y rendre. Nous avons l\u2019ambition de structurer un service de ressources itin\u00e9rantes, une sorte de m\u00e9mobus, qui pourrait irriguer le territoire. Ce n\u2019est qu\u2019une piste de r\u00e9flexion, pour l\u2019heure, mais la perspective est exaltante. Il pourrait se d\u00e9placer dans les \u00e9coles, les m\u00e9diath\u00e8ques, sur les zones rurales comme le Vallespir ou la Cerdagne.<\/p>\n<p>Troisi\u00e8me axe : la coop\u00e9ration. Il s\u2019agit de favoriser les croisements entre \u00e9tablissements scolaires, artistes cr\u00e9ateurs, mais aussi de s\u2019ouvrir sur la soci\u00e9t\u00e9 civile. Enfin, le quatri\u00e8me point, c\u2019est l\u2019internationalisation. Nous voulons fa\u00e7onner des projets scolaires internationaux qui contribuent \u00e0 la construction d\u2019une identit\u00e9 et d\u2019une citoyennet\u00e9 europ\u00e9enne.<br \/>\nPlus de la moiti\u00e9 des visiteurs du m\u00e9morial ont moins de 18 ans. Depuis 3 ans, vous avez fait de l\u2019accueil des \u00e9coles maternelle et \u00e9l\u00e9mentaire une priorit\u00e9. Pourquoi ?<\/p>\n<p>J\u2019ai \u00e9t\u00e9 pendant 17 ans formatrice, dans le cadre de l\u2019Institut national de formation des professeurs des \u00e9coles. J\u2019y ai appris que le vivre-ensemble s\u2019acquiert. Et que les politiques de lutte contre les discriminations, contre les racismes et contre l\u2019antis\u00e9mitisme sont les plus efficaces avec de jeunes publics. Nous sommes en train de refondre l\u2019exposition permanente. Un parcours leur sera d\u00e9di\u00e9.<br \/>\nComment transmettre des histoires telles que celle de l\u2019antis\u00e9mitisme ou des racismes \u00e0 des enfants en si bas \u00e2ges ?<\/p>\n<p>On ne pr\u00e9sente pas d\u2019images violentes au m\u00e9morial. C\u2019est un parti pris. L\u2019id\u00e9e, c\u2019est de transmettre sans traumatiser. En maternelle, un enfant viendra assister \u00e0 un spectacle, puis il reviendra \u00e0 8, 14 et 18 ans avec une autre entr\u00e9e p\u00e9dagogique, dans une forme de compagnonnage \u00e9motionnel et \u00e9ducatif.<\/p>\n<p>Nous faisons une immense confiance aux jeunes. Nous les consid\u00e9rons comme des ambassadeurs du m\u00e9morial, en leur remettant une carte qui leur permet d\u2019inviter un adulte de leur famille pour une prochaine visite. On est dans une inversion des cha\u00eenes de transmission.<br \/>\nAujourd\u2019hui, l\u2019histoire des migrations et des identit\u00e9s est r\u00e9guli\u00e8rement au centre du d\u00e9bat public. Comment le m\u00e9morial peut-il contribuer \u00e0 lutter contre des instrumentalisations de l\u2019histoire ?<\/p>\n<p>\u00c0 l\u2019\u00e9chelle du m\u00e9morial, nous n\u2019observons pas de recrudescence du n\u00e9gationnisme ou de la falsification des faits de l\u2019histoire. Cela s\u2019explique d\u2019abord par la pr\u00e9sence du pass\u00e9. On arrive sur le plus grand camp de l\u2019Europe de l\u2019Ouest, o\u00f9 les vestiges sont encore visibles. Nier ce qu\u2019on a sous les yeux, c\u2019est difficile. M\u00e9moire des Espagnols, des nomades, des Tsiganes, des Juifs, des Harkis, des soldats coloniaux, des Guin\u00e9ens jusqu\u2019\u00e0, finalement, des \u00e9trangers en situation irr\u00e9guli\u00e8re. C\u2019est un n\u0153ud m\u00e9moriel sans \u00e9quivalent en Europe qui a \u00e9t\u00e9 le th\u00e9\u00e2tre des malheurs du 20\u1d49 si\u00e8cle.<\/p>\n<p>Une autre explication r\u00e9side dans l\u2019approche universaliste de l\u2019\u00e9tablissement. Elle est propice \u00e0 la convergence et \u00e0 l\u2019apaisement m\u00e9moriel. On ne fait pas la le\u00e7on, mais on cherche \u00e0 d\u00e9velopper l\u2019esprit critique et l\u2019introspection.<br \/>\nEn octobre dernier, la m\u00e9morial a \u00e9t\u00e9 la cible d\u2019attaques de l\u2019extr\u00eame droite. Laurent Jacobelli, d\u00e9put\u00e9 du Rassemblement national, a qualifi\u00e9 le lieu de \u00ab temple du gauchisme \u00bb et du \u00ab wokisme \u00bbavec des positions \u00ab pro-migrants \u00bb, fustigeant notamment la diffusion d\u2019un documentaire sur les communaut\u00e9s LGBT fuyant l\u2019Ouganda. Quelle position tient le m\u00e9morial face \u00e0 ces invectives ?<\/p>\n<p>Je crois que cette s\u00e9quence est termin\u00e9e. Elle a tourn\u00e9 court, avec une r\u00e9ponse des collectivit\u00e9s fondatrices. La force du lieu, sa cr\u00e9dibilit\u00e9, c\u2019est sa neutralit\u00e9, ce millefeuille m\u00e9moriel. Ici, tout est sourc\u00e9. Cela repose sur la rigueur de notre conseil scientifique. C\u2019est le seul axe possible dans le contexte actuel, contre la d\u00e9sinformation. La fr\u00e9quentation a augment\u00e9 de 68% en quatre ans. On voit bien que le m\u00e9morial r\u00e9pond \u00e0 une demande soci\u00e9tale, un besoin de sortir des autres formes de m\u00e9dias pour penser par soi-m\u00eame. C\u2019est particuli\u00e8rement exaltant pour nous d\u2019amener une soci\u00e9t\u00e9 \u00e0 la r\u00e9flexion. L\u2019histoire du lieu le m\u00e9rite.<\/p>\n<p><strong>Mona Bru<\/strong>, \u00a0\u00bb Made In Perpignan\u00a0\u00bb, 30 janvier 2026.<\/p>\n","protected":false},"excerpt":{"rendered":"<p>Un \u00ab laboratoire d\u2019innovation p\u00e9dagogique \u00bb. C\u2019est ainsi que C\u00e9line Sala-Pons qualifie le m\u00e9morial du camp de Rivesaltes, camp militaire devenu camp d\u2019internement pour les r\u00e9fugi\u00e9s espagnols dans les ann\u00e9es 40, puis outil du r\u00e9gime de Vichy dans la d\u00e9portation des Juifs et des Tsiganes avant d\u2019accueillir les Harkis apr\u00e8s la fin de la guerre &hellip; <a href=\"https:\/\/retirada37.com\/?p=19093\" class=\"more-link\">Continuer la lecture de <span class=\"screen-reader-text\">M\u00e9morial du camp de Rivesaltes : C\u00e9line Sala-Pons d\u00e9fend un \u00ab n\u0153ud m\u00e9moriel \u00bb crucial pour l\u2019\u00e9ducation \u00e0 la citoyennet\u00e9<\/span>  <span class=\"meta-nav\">&rarr;<\/span><\/a><\/p>\n","protected":false},"author":3,"featured_media":0,"comment_status":"open","ping_status":"open","sticky":false,"template":"","format":"standard","meta":{"_bbp_topic_count":0,"_bbp_reply_count":0,"_bbp_total_topic_count":0,"_bbp_total_reply_count":0,"_bbp_voice_count":0,"_bbp_anonymous_reply_count":0,"_bbp_topic_count_hidden":0,"_bbp_reply_count_hidden":0,"_bbp_forum_subforum_count":0,"footnotes":""},"categories":[2],"tags":[],"class_list":["post-19093","post","type-post","status-publish","format-standard","hentry","category-actualites"],"_links":{"self":[{"href":"https:\/\/retirada37.com\/index.php?rest_route=\/wp\/v2\/posts\/19093","targetHints":{"allow":["GET"]}}],"collection":[{"href":"https:\/\/retirada37.com\/index.php?rest_route=\/wp\/v2\/posts"}],"about":[{"href":"https:\/\/retirada37.com\/index.php?rest_route=\/wp\/v2\/types\/post"}],"author":[{"embeddable":true,"href":"https:\/\/retirada37.com\/index.php?rest_route=\/wp\/v2\/users\/3"}],"replies":[{"embeddable":true,"href":"https:\/\/retirada37.com\/index.php?rest_route=%2Fwp%2Fv2%2Fcomments&post=19093"}],"version-history":[{"count":1,"href":"https:\/\/retirada37.com\/index.php?rest_route=\/wp\/v2\/posts\/19093\/revisions"}],"predecessor-version":[{"id":19095,"href":"https:\/\/retirada37.com\/index.php?rest_route=\/wp\/v2\/posts\/19093\/revisions\/19095"}],"wp:attachment":[{"href":"https:\/\/retirada37.com\/index.php?rest_route=%2Fwp%2Fv2%2Fmedia&parent=19093"}],"wp:term":[{"taxonomy":"category","embeddable":true,"href":"https:\/\/retirada37.com\/index.php?rest_route=%2Fwp%2Fv2%2Fcategories&post=19093"},{"taxonomy":"post_tag","embeddable":true,"href":"https:\/\/retirada37.com\/index.php?rest_route=%2Fwp%2Fv2%2Ftags&post=19093"}],"curies":[{"name":"wp","href":"https:\/\/api.w.org\/{rel}","templated":true}]}}