{"id":19088,"date":"2026-01-19T05:23:46","date_gmt":"2026-01-19T04:23:46","guid":{"rendered":"https:\/\/retirada37.com\/?p=19088"},"modified":"2026-01-17T15:41:46","modified_gmt":"2026-01-17T14:41:46","slug":"centre-de-la-resistance-de-la-deportation-et-de-la-memoire-les-rendez-vous","status":"publish","type":"post","link":"https:\/\/retirada37.com\/?p=19088","title":{"rendered":"Centre de la R\u00e9sistance de la D\u00e9portation et de la M\u00e9moire :  LES RENDEZ- VOUS"},"content":{"rendered":"<p><strong>Exposition Du 07\/01 au 01\/03 au Centre de la r\u00e9sistance, de la D\u00e9portation et de la M\u00e9moire \u00e0 Blois.<\/strong><\/p>\n<p>\u00ab Jorge Semprun. \u00c9crire et combattre. La Peste r\u00e9veille encore ses rats \u00bbCon\u00e7ue en collaboration avec Jorge Semprun, cette exposition porte sur les nombreux engagements dans l\u2019\u00e9criture et la vie de cet humaniste qui fut tour \u00e0 tour acteur, victime et t\u00e9moin des deux grandes id\u00e9ologies du XXe si\u00e8cle (nazisme et communisme).<\/p>\n<p>\u00c0 partir d\u2019\u00e9l\u00e9ments biographiques et d\u2019extraits de ses \u0153uvres litt\u00e9raires, le visiteur est invit\u00e9 \u00e0 d\u00e9couvrir le parcours de Jorge Semprun, celui d\u2019un homme politique, \u00e9crivain mais aussi sc\u00e9nariste, profond\u00e9ment marqu\u00e9 par son exp\u00e9rience concentrationnaire. Cette exposition nous permet aussi de r\u00e9fl\u00e9chir \u00e0 la question du Mal en l\u2019Homme et dans l\u2019Histoire.<\/p>\n<p>Association Confluences<\/p>\n<p><strong><br \/>\nSpectacle \u00ab Le Grand Voyage \u00bb par la Compagnie La BAM, le 29 janvier \u00e0 19h.<\/strong><\/p>\n<p>Adapt\u00e9e du roman autobiographique \u00ab Le Grand Voyage \u00bb de Jorge Semprun, cette lecture th\u00e9\u00e2tralis\u00e9e et musicale raconte le voyage de Semprun, lors de sa d\u00e9portation au camp de Buchenwald. Il t\u00e9moigne autant<br \/>\nde l\u2019horreur que de la solidarit\u00e9 et parle de r\u00e9sistance et d\u2019enr\u00f4lement en pr\u00e9sentant des<br \/>\nr\u00e9flexions sur l\u2019engagement pour la libert\u00e9.<\/p>\n<p>Cette lecture rappelle les actes comme la pens\u00e9e de l\u2019id\u00e9ologie fasciste et nazie et permet une prise de conscience gr\u00e2ce \u00e0 la v\u00e9racit\u00e9 des faits, la charge \u00e9motionnelle et la r\u00e9flexion d\u00e9construisant les st\u00e9r\u00e9otypes.<\/p>\n<p>Ce spectacle participe au travail de m\u00e9moire tout en \u00e9tant tr\u00e8s proche de notre actualit\u00e9.<br \/>\nAu CRDM Conception et r\u00e9alisation : Association Confluences, \u00e0 l\u2019Espace Jorge-Semprun.<\/p>\n<p>Gratuit, sans r\u00e9servation (places limit\u00e9es). \u00c0 partir de 12 ans<\/p>\n<p><strong>Projection-d\u00e9bat, \u00ab La plume au poing \u00bb, de Patrick ROTMAN<\/strong>, (documentaire, 2023, 52 min, Cin\u00e9t\u00e9v\u00e9). Le 10 f\u00e9vrier, \u00e0 18h30.<\/p>\n<p>\u00c0 l\u2019auditorium Samuel-Paty de la biblioth\u00e8que Abb\u00e9-Gr\u00e9goire.<br \/>\nEn pr\u00e9sence de St\u00e9phane Michonneau, professeur d\u2019histoire contemporaine \u00e0 l\u2019universit\u00e9 de Paris-Est Cr\u00e9teil, sp\u00e9cialiste des m\u00e9moires espagnoles, auteur de Franco, le temps et la l\u00e9gende (2025, Flammarion).<\/p>\n<p>Propos\u00e9 par les Rendez-vous de l\u2019histoire (CEPH)<br \/>\nGratuit sans r\u00e9servation<\/p>\n","protected":false},"excerpt":{"rendered":"<p>Exposition Du 07\/01 au 01\/03 au Centre de la r\u00e9sistance, de la D\u00e9portation et de la M\u00e9moire \u00e0 Blois. \u00ab Jorge Semprun. \u00c9crire et combattre. La Peste r\u00e9veille encore ses rats \u00bbCon\u00e7ue en collaboration avec Jorge Semprun, cette exposition porte sur les nombreux engagements dans l\u2019\u00e9criture et la vie de cet humaniste qui fut tour &hellip; <a href=\"https:\/\/retirada37.com\/?p=19088\" class=\"more-link\">Continuer la lecture de <span class=\"screen-reader-text\">Centre de la R\u00e9sistance de la D\u00e9portation et de la M\u00e9moire :  LES RENDEZ- VOUS<\/span>  <span class=\"meta-nav\">&rarr;<\/span><\/a><\/p>\n","protected":false},"author":3,"featured_media":0,"comment_status":"open","ping_status":"open","sticky":false,"template":"","format":"standard","meta":{"_bbp_topic_count":0,"_bbp_reply_count":0,"_bbp_total_topic_count":0,"_bbp_total_reply_count":0,"_bbp_voice_count":0,"_bbp_anonymous_reply_count":0,"_bbp_topic_count_hidden":0,"_bbp_reply_count_hidden":0,"_bbp_forum_subforum_count":0,"footnotes":""},"categories":[20,14,15],"tags":[],"class_list":["post-19088","post","type-post","status-publish","format-standard","hentry","category-culture","category-histoire","category-temoignages-et-recits"],"_links":{"self":[{"href":"https:\/\/retirada37.com\/index.php?rest_route=\/wp\/v2\/posts\/19088","targetHints":{"allow":["GET"]}}],"collection":[{"href":"https:\/\/retirada37.com\/index.php?rest_route=\/wp\/v2\/posts"}],"about":[{"href":"https:\/\/retirada37.com\/index.php?rest_route=\/wp\/v2\/types\/post"}],"author":[{"embeddable":true,"href":"https:\/\/retirada37.com\/index.php?rest_route=\/wp\/v2\/users\/3"}],"replies":[{"embeddable":true,"href":"https:\/\/retirada37.com\/index.php?rest_route=%2Fwp%2Fv2%2Fcomments&post=19088"}],"version-history":[{"count":3,"href":"https:\/\/retirada37.com\/index.php?rest_route=\/wp\/v2\/posts\/19088\/revisions"}],"predecessor-version":[{"id":19091,"href":"https:\/\/retirada37.com\/index.php?rest_route=\/wp\/v2\/posts\/19088\/revisions\/19091"}],"wp:attachment":[{"href":"https:\/\/retirada37.com\/index.php?rest_route=%2Fwp%2Fv2%2Fmedia&parent=19088"}],"wp:term":[{"taxonomy":"category","embeddable":true,"href":"https:\/\/retirada37.com\/index.php?rest_route=%2Fwp%2Fv2%2Fcategories&post=19088"},{"taxonomy":"post_tag","embeddable":true,"href":"https:\/\/retirada37.com\/index.php?rest_route=%2Fwp%2Fv2%2Ftags&post=19088"}],"curies":[{"name":"wp","href":"https:\/\/api.w.org\/{rel}","templated":true}]}}