{"id":19084,"date":"2026-01-17T15:04:03","date_gmt":"2026-01-17T14:04:03","guid":{"rendered":"https:\/\/retirada37.com\/?p=19084"},"modified":"2026-01-17T15:04:03","modified_gmt":"2026-01-17T14:04:03","slug":"retour-sur-lincendie-de-la-scala-de-barcelone","status":"publish","type":"post","link":"https:\/\/retirada37.com\/?p=19084","title":{"rendered":"Retour sur l&rsquo;incendie de la Scala de Barcelone."},"content":{"rendered":"<p>Le 15 janvier 1978, plusieurs cocktails Molotov ont incendi\u00e9 la salle de f\u00eate Scala de Barcelone, tuant quatre personnes. L&rsquo;incendie, les arrestations et la criminalisation de la CNT qui en ont r\u00e9sult\u00e9 repr\u00e9sentent l&rsquo;un des cas les plus significatifs de guerre sale pendant la Transition : l&rsquo;affaire Scala.<\/p>\n<p>Ce jour-l\u00e0, la CNT avait organis\u00e9 une manifestation contre les Pactes de Moncloa, sign\u00e9s quelques mois auparavant, qui consolidaient le r\u00e9gime tout en attaquant les droits de la classe ouvri\u00e8re. La manifestation s&rsquo;est d\u00e9roul\u00e9e sans incident jusqu&rsquo;\u00e0 ce que des inconnus lancent plusieurs bombes incendiaires contre la salle de f\u00eate de l&rsquo;Eixample \u00e0 Barcelone.<a href=\"https:\/\/retirada37.com\/wp-content\/uploads\/2026\/01\/615403920_2080055642815712_8579916877936537698_n.jpg\"><img loading=\"lazy\" decoding=\"async\" src=\"https:\/\/retirada37.com\/wp-content\/uploads\/2026\/01\/615403920_2080055642815712_8579916877936537698_n.jpg\" alt=\"\" width=\"590\" height=\"331\" class=\"alignnone size-full wp-image-19085\" srcset=\"https:\/\/retirada37.com\/wp-content\/uploads\/2026\/01\/615403920_2080055642815712_8579916877936537698_n.jpg 590w, https:\/\/retirada37.com\/wp-content\/uploads\/2026\/01\/615403920_2080055642815712_8579916877936537698_n-300x168.jpg 300w\" sizes=\"auto, (max-width: 590px) 100vw, 590px\" \/><\/a><\/p>\n<p>La presse n&rsquo;a pas tard\u00e9 \u00e0 d\u00e9signer les anarcho-syndicalistes comme responsables de l&rsquo;incendie et des morts. 48 heures plus tard, un communiqu\u00e9 de la police annon\u00e7ait l&rsquo;arrestation des auteurs pr\u00e9sum\u00e9s, qu&rsquo;elle avait identifi\u00e9s parmi plus de 10 000 personnes pr\u00e9sentes \u00e0 la manifestation. Le communiqu\u00e9 insistait sur l&rsquo;affiliation des d\u00e9tenus \u00e0 la CNT.<\/p>\n<p>Les arrestations, pr\u00e8s de 170, se sont poursuivies les jours suivants, accompagn\u00e9es d&rsquo;une campagne m\u00e9diatique de discr\u00e9dit de la CNT, qui comptait alors des dizaines de milliers d&rsquo;adh\u00e9rents et repr\u00e9sentait une g\u00eane pour les forces acceptant la transition. Le traitement de la presse a conduit une grande partie de l&rsquo;opinion publique \u00e0 croire au r\u00e9cit d&rsquo;une organisation terroriste qui voulait d\u00e9stabiliser le \u00ab fragile \u00bb processus de transition. Malgr\u00e9 les protestations et l&rsquo;accusation de montage policier, de nombreux adh\u00e9rents n&rsquo;ont pas pu \u00e9viter les pertes.<\/p>\n<p>La CNT et certains journalistes d&rsquo;investigation ont rapidement commenc\u00e9 \u00e0 mettre en lumi\u00e8re plusieurs points obscurs de cette affaire, tels que la pr\u00e9paration et la participation \u00e0 l&rsquo;attaque d&rsquo;un infiltr\u00e9 de la police, Joaqu\u00edn Gamb\u00edn, qui a fini par avouer. De plus, le d\u00e9roulement de l&rsquo;incendie n&rsquo;\u00e9tait pas coh\u00e9rent. Des t\u00e9moins ont affirm\u00e9 qu&rsquo;il avait commenc\u00e9 \u00e0 l&rsquo;arri\u00e8re du b\u00e2timent, tr\u00e8s loin de l&rsquo;endroit o\u00f9 les cocktails Molotov ont \u00e9t\u00e9 lanc\u00e9s.<a href=\"https:\/\/retirada37.com\/wp-content\/uploads\/2026\/01\/615480950_2080055699482373_1460921644634109506_n.jpg\"><img loading=\"lazy\" decoding=\"async\" src=\"https:\/\/retirada37.com\/wp-content\/uploads\/2026\/01\/615480950_2080055699482373_1460921644634109506_n.jpg\" alt=\"\" width=\"586\" height=\"403\" class=\"alignnone size-full wp-image-19086\" srcset=\"https:\/\/retirada37.com\/wp-content\/uploads\/2026\/01\/615480950_2080055699482373_1460921644634109506_n.jpg 586w, https:\/\/retirada37.com\/wp-content\/uploads\/2026\/01\/615480950_2080055699482373_1460921644634109506_n-300x206.jpg 300w\" sizes=\"auto, (max-width: 586px) 100vw, 586px\" \/><\/a><\/p>\n<p>Pendant le proc\u00e8s, les avocats ont demand\u00e9 la comparution de Joaquin Gamb\u00edn et du ministre fasciste de la Gouvernance, Rodolfo Mart\u00edn Villa. Le juge a rejet\u00e9 la demande et a condamn\u00e9 les accus\u00e9s \u00e0 18 ans d&#8217;emprisonnement.<\/p>\n<p>Avec le temps, le r\u00f4le de l&rsquo;infiltr\u00e9, captur\u00e9 par le service de la Gouvernance, a \u00e9t\u00e9 r\u00e9v\u00e9l\u00e9. Il avait dirig\u00e9 l&rsquo;attentat et d\u00e9sign\u00e9 les personnes finalement condamn\u00e9es. En 1981, il a \u00e9t\u00e9 arr\u00eat\u00e9 lors d&rsquo;une fusillade \u00e0 Valence et l&rsquo;affaire Scala a \u00e9t\u00e9 rouverte avec un second proc\u00e8s o\u00f9 il a \u00e9t\u00e9 condamn\u00e9 \u00e0 7 ans d&#8217;emprisonnement. Bien que le montage policier ait \u00e9t\u00e9 d\u00e9montr\u00e9, le mal \u00e9tait fait et la CNT n&rsquo;aurait plus jamais le poids politique et syndical qu&rsquo;elle avait avant les \u00e9v\u00e9nements, avant de devenir victime de la r\u00e9pression et de la campagne m\u00e9diatique impitoyable.<\/p>\n","protected":false},"excerpt":{"rendered":"<p>Le 15 janvier 1978, plusieurs cocktails Molotov ont incendi\u00e9 la salle de f\u00eate Scala de Barcelone, tuant quatre personnes. L&rsquo;incendie, les arrestations et la criminalisation de la CNT qui en ont r\u00e9sult\u00e9 repr\u00e9sentent l&rsquo;un des cas les plus significatifs de guerre sale pendant la Transition : l&rsquo;affaire Scala. Ce jour-l\u00e0, la CNT avait organis\u00e9 une &hellip; <a href=\"https:\/\/retirada37.com\/?p=19084\" class=\"more-link\">Continuer la lecture de <span class=\"screen-reader-text\">Retour sur l&rsquo;incendie de la Scala de Barcelone.<\/span>  <span class=\"meta-nav\">&rarr;<\/span><\/a><\/p>\n","protected":false},"author":3,"featured_media":0,"comment_status":"open","ping_status":"open","sticky":false,"template":"","format":"standard","meta":{"_bbp_topic_count":0,"_bbp_reply_count":0,"_bbp_total_topic_count":0,"_bbp_total_reply_count":0,"_bbp_voice_count":0,"_bbp_anonymous_reply_count":0,"_bbp_topic_count_hidden":0,"_bbp_reply_count_hidden":0,"_bbp_forum_subforum_count":0,"footnotes":""},"categories":[14],"tags":[],"class_list":["post-19084","post","type-post","status-publish","format-standard","hentry","category-histoire"],"_links":{"self":[{"href":"https:\/\/retirada37.com\/index.php?rest_route=\/wp\/v2\/posts\/19084","targetHints":{"allow":["GET"]}}],"collection":[{"href":"https:\/\/retirada37.com\/index.php?rest_route=\/wp\/v2\/posts"}],"about":[{"href":"https:\/\/retirada37.com\/index.php?rest_route=\/wp\/v2\/types\/post"}],"author":[{"embeddable":true,"href":"https:\/\/retirada37.com\/index.php?rest_route=\/wp\/v2\/users\/3"}],"replies":[{"embeddable":true,"href":"https:\/\/retirada37.com\/index.php?rest_route=%2Fwp%2Fv2%2Fcomments&post=19084"}],"version-history":[{"count":1,"href":"https:\/\/retirada37.com\/index.php?rest_route=\/wp\/v2\/posts\/19084\/revisions"}],"predecessor-version":[{"id":19087,"href":"https:\/\/retirada37.com\/index.php?rest_route=\/wp\/v2\/posts\/19084\/revisions\/19087"}],"wp:attachment":[{"href":"https:\/\/retirada37.com\/index.php?rest_route=%2Fwp%2Fv2%2Fmedia&parent=19084"}],"wp:term":[{"taxonomy":"category","embeddable":true,"href":"https:\/\/retirada37.com\/index.php?rest_route=%2Fwp%2Fv2%2Fcategories&post=19084"},{"taxonomy":"post_tag","embeddable":true,"href":"https:\/\/retirada37.com\/index.php?rest_route=%2Fwp%2Fv2%2Ftags&post=19084"}],"curies":[{"name":"wp","href":"https:\/\/api.w.org\/{rel}","templated":true}]}}