{"id":19037,"date":"2025-12-10T10:07:03","date_gmt":"2025-12-10T09:07:03","guid":{"rendered":"http:\/\/retirada37.com\/?p=19037"},"modified":"2025-12-11T10:44:54","modified_gmt":"2025-12-11T09:44:54","slug":"en-espagne-le-combat-de-javier-moreno-pour-faire-eclater-la-verite-sur-les-crimes-de-la-dictature-franquiste","status":"publish","type":"post","link":"https:\/\/retirada37.com\/?p=19037","title":{"rendered":"\u200b En Espagne, le combat de Javier Moreno  \u200b pour faire \u00e9clater la v\u00e9rit\u00e9  \u200b sur les crimes de la dictature franquiste"},"content":{"rendered":"<p>Le militant espagnol Javier Moreno se bat pour faire exhumer les corps des 6\u00a0000\u00a0fosses communes diss\u00e9min\u00e9es aux quatre coins du pays et exiger la reconnaissance des crimes de la dictature franquiste. Une d\u00e9marche entreprise pour rendre hommage \u00e0 son grand-p\u00e8re anarchiste, fusill\u00e9 dans la capitale pendant la guerre.<\/p>\n<p>Publi\u00e9 le 4 d\u00e9cembre 2025<br \/>\nMadrid (Espagne), envoy\u00e9 sp\u00e9cial Humanit\u00e9.<br \/>\nAntoine Portoles<\/p>\n<p>Le rendez-vous est fix\u00e9 \u00e0 quelques encablures de la station de m\u00e9tro Goya, du nom du maestro de l\u2019art romantique. Nous quittons le centre de la capitale espagnole sous une pluie battante, direction le cimeti\u00e8re de la Almudena.\u00a0\u00ab\u00a0Plus de 3\u00a0000\u00a0personnes ont \u00e9t\u00e9 fusill\u00e9es l\u00e0-bas, lance\u00a0Javier Moreno, au volant de sa voiture.\u00a0On ne sait pas o\u00f9 se trouvent leurs restes.\u00a0\u00bb<br \/>\nCe constat macabre raisonne partout en Espagne. Cinquante ans apr\u00e8s la mort de Franco,\u00a0le pays aux 6\u00a0000\u00a0fosses communes\u00a0est loin d\u2019avoir achev\u00e9 sa qu\u00eate de reconstruction m\u00e9morielle. Le militant madril\u00e8ne au b\u00e9ret gris viss\u00e9 sur la t\u00eate fut un temps pr\u00e9sident du Foro por la memoria democratica, une association qui se bat pour faire exhumer des charniers et identifier les dizaines de milliers de r\u00e9publicains \u2013\u00a0syndicalistes, communistes, socialistes, anarchistes, r\u00e9gionalistes\u00a0\u2013 victimes du franquisme.<\/p>\n<p>Il a parcouru toute la p\u00e9ninsule de l\u2019Andalousie aux Asturies, en passant par Castille-La Manche, pour honorer ces oubli\u00e9s. Parmi eux, Joaquin Moreno Tormos. Son grand-p\u00e8re anarchiste, ex\u00e9cut\u00e9 sommairement le 31\u00a0octobre 1939, \u00e0 Madrid.\u00a0\u00ab\u00a0Il \u00e9tait militant \u00e0 la CNT-FAI. Avant et pendant la guerre, il travaillait pour l\u2019op\u00e9rateur Telefonica. Nous ne l\u2019avons jamais retrouv\u00e9.\u00a0\u00bb<\/p>\n<p><strong>\u200b Un hommage attendu depuis huit d\u00e9cennies<\/strong><\/p>\n<p>Le 31\u00a0octobre 2025, quatre-vingt-six\u00a0ans apr\u00e8s sa disparition, son petit-fils lui a rendu hommage lors d\u2019une c\u00e9r\u00e9monie sp\u00e9ciale. \u00c0 ses c\u00f4t\u00e9s, le ministre espagnol de la M\u00e9moire d\u00e9mocratique, Angel Victor Torres, a convoqu\u00e9 sur sc\u00e8ne le souvenir\u00a0\u00ab\u00a0de l\u2019homme assassin\u00e9 par les fascistes\u00a0\u00bb.\u00a0<\/p>\n<p>Le nom de Joaquin est d\u00e9sormais inscrit sur une lettre d\u2019adieu, gliss\u00e9e avec tant d\u2019autres \u2013\u00a0dont un po\u00e8me de Miguel Hernandez\u00a0\u2013 \u00e0 m\u00eame les troncs de plusieurs arbres calcin\u00e9s, couch\u00e9s par terre et entrepos\u00e9s au pied d\u2019un monument aux morts, \u00e0 la Almudena. Structure brutaliste un brin sinistre.\u00a0<br \/>\nNous traversons les deux couloirs en pierre qui la composent dans un silence profond. Les innombrables \u00e9pitaphes qui les recouvraient semblent avoir disparu myst\u00e9rieusement.\u00a0\u00ab\u00a0Ce lieu a \u00e9t\u00e9 b\u00e2ti par l\u2019ancienne majorit\u00e9 municipale de gauche, des socialistes et des communistes emmen\u00e9s par Manuela Carmena. Mais il n\u2019a jamais \u00e9t\u00e9 inaugur\u00e9, peste Javier.\u00a0Lorsque la droite est revenue au pouvoir avec Jos\u00e9 Luis Martinez-Almeida, tous les noms inscrits ont \u00e9t\u00e9 retir\u00e9s.\u00a0\u00bb<\/p>\n<p><strong>\u200b La droite pr\u00eate \u00e0 effacer la m\u00e9moire des victimes<\/strong><\/p>\n<p>Voil\u00e0 un exemple criant de la fourberie \u00e0 laquelle s\u2019adonne le Parti populaire, celui-l\u00e0 m\u00eame qui gouverne au c\u00f4t\u00e9 du parti d\u2019extr\u00eame droite Vox dans certaines communaut\u00e9s autonomes.Ces h\u00e9ritiers du franquisme\u00a0bloquent tout processus de reconstruction de la m\u00e9moire historique, quitte \u00e0 cracher au visage des familles de victimes.\u00a0<br \/>\nDans la capitale, il suffit de se rem\u00e9morer les cris d\u2019orfraie qu\u2019ils ont pouss\u00e9s lorsque le gouvernement socialiste de Pedro Sanchez a d\u00e9cid\u00e9 de transf\u00e9rer la s\u00e9pulture de Franco d\u2019el Valle de los Caidos \u2013\u00a0renomm\u00e9 Valle de los Cuelgamuros\u00a0\u2013 au cimeti\u00e8re du Pardo. Preuve que, cinquante ans apr\u00e8s la disparition du Caudillo,\u00a0son fant\u00f4me et ses id\u00e9es mortif\u00e8res continuent de planer sur le pays. Pourtant, comme le rappelle Javier Moreno,\u00a0\u00ab\u00a0il me para\u00eet normal que la m\u00e9moire ne soit pas consid\u00e9r\u00e9e comme une revanche, mais comme un acte d\u00e9mocratique\u00a0\u00bb.<\/p>\n<p>Le militant exige que toute la lumi\u00e8re soit faite sur les crimes commis par les phalangistes durant la guerre de 1936-39, les trente-six ans de r\u00e8gne de terreur de Franco, puis la transition.\u00a0\u00ab\u00a0Il n\u2019y a pas de justice. Les tribunaux n\u2019interviennent pas. Les lois m\u00e9morielles participent au r\u00e9tablissement de la v\u00e9rit\u00e9 et \u00e0 la r\u00e9paration, mais lorsque nous exhumons des corps, m\u00eame si nous les identifions eux et leurs familles gr\u00e2ce \u00e0 l\u2019ADN, aucun juge n\u2019intervient pour \u00e9tablir la v\u00e9racit\u00e9 de ces assassinats.\u00a0\u00bb<br \/>\nLa pluie a cess\u00e9 de tomber au-dessus des tombes. Nous poursuivons notre chemin vers un autre monument, \u00e9rig\u00e9 sur le mur d\u2019enceinte en briques rouges du cimeti\u00e8re, d\u00e9di\u00e9 \u00e0 las Trece Rosas (les Treize Roses), treize r\u00e9sistantes \u00e2g\u00e9es de 18 \u00e0 29\u00a0ans, fusill\u00e9es ici m\u00eame le\u00a05\u00a0ao\u00fbt 1939\u00a0par les franquistes.\u00a0<\/p>\n<p>\u200b <strong>Une plaque comm\u00e9morative devenue lieu de recueillement<\/strong><\/p>\n<p>La plupart de ces s\u0153urs d\u2019armes \u00e9taient membres des Jeunesses socialistes unifi\u00e9es, organisation n\u00e9e de la fusion entre l\u2019Union des jeunesses communistes de l\u2019Espagne du PCE et les Jeunesses socialistes du PSOE. Javier Moreno a longtemps milit\u00e9 pour le Parti communiste espagnol et en reste tr\u00e8s proche aujourd\u2019hui.<\/p>\n<p>Il se recueille face \u00e0 la plaque comm\u00e9morative orn\u00e9e de fleurs aux couleurs chaudes et entour\u00e9e de tags symbolisant le drapeau rouge, jaune et violet\u00a0; celui de la R\u00e9publique espagnole.\u00a0<br \/>\nUne phrase y est inscrite en exergue, prononc\u00e9e par l\u2019une de ces femmes qui se sont battues pour la libert\u00e9\u00a0:\u00a0\u00ab\u00a0Que mon nom ne soit pas effac\u00e9 de l\u2019histoire\u00a0\u00bb.<\/p>\n","protected":false},"excerpt":{"rendered":"<p>Le militant espagnol Javier Moreno se bat pour faire exhumer les corps des 6\u00a0000\u00a0fosses communes diss\u00e9min\u00e9es aux quatre coins du pays et exiger la reconnaissance des crimes de la dictature franquiste. Une d\u00e9marche entreprise pour rendre hommage \u00e0 son grand-p\u00e8re anarchiste, fusill\u00e9 dans la capitale pendant la guerre. Publi\u00e9 le 4 d\u00e9cembre 2025 Madrid (Espagne), &hellip; <a href=\"https:\/\/retirada37.com\/?p=19037\" class=\"more-link\">Continuer la lecture de <span class=\"screen-reader-text\">\u200b En Espagne, le combat de Javier Moreno  \u200b pour faire \u00e9clater la v\u00e9rit\u00e9  \u200b sur les crimes de la dictature franquiste<\/span>  <span class=\"meta-nav\">&rarr;<\/span><\/a><\/p>\n","protected":false},"author":2,"featured_media":0,"comment_status":"open","ping_status":"open","sticky":false,"template":"","format":"standard","meta":{"_bbp_topic_count":0,"_bbp_reply_count":0,"_bbp_total_topic_count":0,"_bbp_total_reply_count":0,"_bbp_voice_count":0,"_bbp_anonymous_reply_count":0,"_bbp_topic_count_hidden":0,"_bbp_reply_count_hidden":0,"_bbp_forum_subforum_count":0,"footnotes":""},"categories":[2],"tags":[],"class_list":["post-19037","post","type-post","status-publish","format-standard","hentry","category-actualites"],"_links":{"self":[{"href":"https:\/\/retirada37.com\/index.php?rest_route=\/wp\/v2\/posts\/19037","targetHints":{"allow":["GET"]}}],"collection":[{"href":"https:\/\/retirada37.com\/index.php?rest_route=\/wp\/v2\/posts"}],"about":[{"href":"https:\/\/retirada37.com\/index.php?rest_route=\/wp\/v2\/types\/post"}],"author":[{"embeddable":true,"href":"https:\/\/retirada37.com\/index.php?rest_route=\/wp\/v2\/users\/2"}],"replies":[{"embeddable":true,"href":"https:\/\/retirada37.com\/index.php?rest_route=%2Fwp%2Fv2%2Fcomments&post=19037"}],"version-history":[{"count":2,"href":"https:\/\/retirada37.com\/index.php?rest_route=\/wp\/v2\/posts\/19037\/revisions"}],"predecessor-version":[{"id":19039,"href":"https:\/\/retirada37.com\/index.php?rest_route=\/wp\/v2\/posts\/19037\/revisions\/19039"}],"wp:attachment":[{"href":"https:\/\/retirada37.com\/index.php?rest_route=%2Fwp%2Fv2%2Fmedia&parent=19037"}],"wp:term":[{"taxonomy":"category","embeddable":true,"href":"https:\/\/retirada37.com\/index.php?rest_route=%2Fwp%2Fv2%2Fcategories&post=19037"},{"taxonomy":"post_tag","embeddable":true,"href":"https:\/\/retirada37.com\/index.php?rest_route=%2Fwp%2Fv2%2Ftags&post=19037"}],"curies":[{"name":"wp","href":"https:\/\/api.w.org\/{rel}","templated":true}]}}