{"id":19028,"date":"2025-12-08T03:58:21","date_gmt":"2025-12-08T02:58:21","guid":{"rendered":"https:\/\/retirada37.com\/?p=19028"},"modified":"2025-12-04T15:25:36","modified_gmt":"2025-12-04T14:25:36","slug":"commemorer-la-memoire-de-leon-cariot","status":"publish","type":"post","link":"https:\/\/retirada37.com\/?p=19028","title":{"rendered":"Comm\u00e9morer la m\u00e9moire de L\u00e9on CARIOT"},"content":{"rendered":"\n<p>A Service Etat-Civil<br \/>\nMairie de Saint-Pierre-des-Corps<br \/>\n\u00e0 l\u2019attention de Mme Laur\u00e8ne Goulet<\/p>\n<p>objet : s\u00e9pulture de L\u00e9on CARIOT ( 1 C 24)<br \/>\ndemande d\u2019autorisation de nettoyage et de r\u00e9fection de la st\u00e8le<br \/>\nMadame Goulet,<\/p>\n<p>Par d\u00e9lib\u00e9ration prise le 18 d\u00e9cembre 1937  sur proposition de Robespierre H\u00e9nault, maire, le conseil municipal a accord\u00e9 au citoyen L\u00e9on CARIOT, d\u00e9c\u00e9d\u00e9 le 17 novembre 1937 des suites de ses blessures re\u00e7ues en Espagne R\u00e9publicaine, une concession perp\u00e9tuelle \u00e0 titre gratuit. Le m\u00eame conseil a pris \u00e0 la charge de la commune la part des pauvres dans le prix habituel d\u2019une telle concession.<br \/>\nNos recherches g\u00e9n\u00e9alogiques  pour trouver d\u2019\u00e9ventuels descendants vivants directs ou indirects n\u2019ont pu aboutir.<\/p>\n<p> La situation de cette tombe n\u00e9cessite aujourd\u2019hui un travail de nettoyage et de r\u00e9fection afin de rendre \u00e0 cette tombe la lisibilit\u00e9 des inscriptions port\u00e9es en creux sur la st\u00e8le.<br \/>\nC\u2019est une d\u00e9marche  qui touche pleinement \u00e0 l\u2019histoire locale et \u00e0 l\u2019histoire m\u00e9morielle de la commune de Saint-Pierre-des-Corps.<\/p>\n<p>Bien que et parce que l\u2019actuelle municipalit\u00e9, sollicit\u00e9e d\u00e8s novembre 2023 par courrier  en ce sens s\u2019est refus\u00e9e \u00e0 participer \u00e0 cette d\u00e9marche, nos deux associations locales, Association pour l\u2019Etude de l\u2019Histoire et la Vie Sociale de Saint-Pierre-des-Corps et RETIRADA-37 ont d\u00e9cid\u00e9 ensemble de r\u00e9habiliter ce lieu d\u2019histoire et de m\u00e9moire.<\/p>\n<p>L\u2019ann\u00e9e qui vient, 2026, sera celle du 90\u00e8me anniversaire de la cr\u00e9ation des Brigades Internationales.<br \/>\nNos deux associations entendent \u00e0 cette occasion comm\u00e9morer la m\u00e9moire de L\u00e9on CARIOT, enfant de la commune, engag\u00e9 volontaire  en novembre 1936 dans  ces Brigades pour lutter contre le fascisme.<br \/>\nNous entreprendrons sous peu, avec votre autorisation, des travaux de nettoyage et de remise en \u00e9tat des inscriptions d\u2019identit\u00e9 qui y ont \u00e9t\u00e9 port\u00e9es en 1937. De m\u00eame nous y d\u00e9poserons \u00e0 l\u2019occasion d\u2019une c\u00e9r\u00e9monie que nous organiserons \u00e0 l\u2019automne une plaque offerte par l\u2019ACER (Association des Amls des Combattants en Espagne R\u00e9publicaine), identique \u00e0 toutes celles que l\u2019ACER r\u00e9serve aux tombes des anciens Brigadistes, qu\u2019ils soient d\u00e9c\u00e9d\u00e9s lors de la guerre d\u2019Espagne ou depuis ces \u00e9v\u00e9nements. <\/p>\n<p>Je reste \u00e0 votre disposition pour tous renseignements que vous jugeriez utiles de me demander.<\/p>\n<p>Recevez, Madame, mes salutations respectueuses<\/p>\n<p>P\/ les deux associations cit\u00e9es plus haut<\/p>\n<p>Jany MOINEAU<\/p>\n<p>Vice-Pr\u00e9sident  de l\u2019Association de pour l\u2019Etude de l\u2019Histoire de Saint-Pierre-des-Corps<\/p>\n","protected":false},"excerpt":{"rendered":"<p>A Service Etat-Civil Mairie de Saint-Pierre-des-Corps \u00e0 l\u2019attention de Mme Laur\u00e8ne Goulet objet : s\u00e9pulture de L\u00e9on CARIOT ( 1 C 24) demande d\u2019autorisation de nettoyage et de r\u00e9fection de la st\u00e8le Madame Goulet, Par d\u00e9lib\u00e9ration prise le 18 d\u00e9cembre 1937 sur proposition de Robespierre H\u00e9nault, maire, le conseil municipal a accord\u00e9 au citoyen L\u00e9on &hellip; <a href=\"https:\/\/retirada37.com\/?p=19028\" class=\"more-link\">Continuer la lecture de <span class=\"screen-reader-text\">Comm\u00e9morer la m\u00e9moire de L\u00e9on CARIOT<\/span>  <span class=\"meta-nav\">&rarr;<\/span><\/a><\/p>\n","protected":false},"author":3,"featured_media":0,"comment_status":"open","ping_status":"open","sticky":false,"template":"","format":"standard","meta":{"_bbp_topic_count":0,"_bbp_reply_count":0,"_bbp_total_topic_count":0,"_bbp_total_reply_count":0,"_bbp_voice_count":0,"_bbp_anonymous_reply_count":0,"_bbp_topic_count_hidden":0,"_bbp_reply_count_hidden":0,"_bbp_forum_subforum_count":0,"footnotes":""},"categories":[2,14],"tags":[],"class_list":["post-19028","post","type-post","status-publish","format-standard","hentry","category-actualites","category-histoire"],"_links":{"self":[{"href":"https:\/\/retirada37.com\/index.php?rest_route=\/wp\/v2\/posts\/19028","targetHints":{"allow":["GET"]}}],"collection":[{"href":"https:\/\/retirada37.com\/index.php?rest_route=\/wp\/v2\/posts"}],"about":[{"href":"https:\/\/retirada37.com\/index.php?rest_route=\/wp\/v2\/types\/post"}],"author":[{"embeddable":true,"href":"https:\/\/retirada37.com\/index.php?rest_route=\/wp\/v2\/users\/3"}],"replies":[{"embeddable":true,"href":"https:\/\/retirada37.com\/index.php?rest_route=%2Fwp%2Fv2%2Fcomments&post=19028"}],"version-history":[{"count":1,"href":"https:\/\/retirada37.com\/index.php?rest_route=\/wp\/v2\/posts\/19028\/revisions"}],"predecessor-version":[{"id":19029,"href":"https:\/\/retirada37.com\/index.php?rest_route=\/wp\/v2\/posts\/19028\/revisions\/19029"}],"wp:attachment":[{"href":"https:\/\/retirada37.com\/index.php?rest_route=%2Fwp%2Fv2%2Fmedia&parent=19028"}],"wp:term":[{"taxonomy":"category","embeddable":true,"href":"https:\/\/retirada37.com\/index.php?rest_route=%2Fwp%2Fv2%2Fcategories&post=19028"},{"taxonomy":"post_tag","embeddable":true,"href":"https:\/\/retirada37.com\/index.php?rest_route=%2Fwp%2Fv2%2Ftags&post=19028"}],"curies":[{"name":"wp","href":"https:\/\/api.w.org\/{rel}","templated":true}]}}