{"id":19018,"date":"2025-12-14T04:19:11","date_gmt":"2025-12-14T03:19:11","guid":{"rendered":"https:\/\/retirada37.com\/?p=19018"},"modified":"2025-12-11T11:58:25","modified_gmt":"2025-12-11T10:58:25","slug":"tours-le-20-decembre-a-loccasion-de-la-journee-internationale-des-migrant%c2%b7e%c2%b7s-une-journee-darret-de-lutte-et-de-visibilite-une-journee-sans-nous-si","status":"publish","type":"post","link":"https:\/\/retirada37.com\/?p=19018","title":{"rendered":"Tours le 20 d\u00e9cembre  A l\u2019occasion de la Journ\u00e9e internationale des migrant\u00b7e\u00b7s  Une journ\u00e9e d\u2019arr\u00eat, de lutte et de visibilit\u00e9  Une \u201cJourn\u00e9e Sans Nous\u201d : SI ON S&rsquo;ARR\u00caTE, TOUT S&rsquo;ARR\u00caTE !"},"content":{"rendered":"<p>Ensemble, faisons entendre nos voix et stoppons par une solidarit\u00e9 concr\u00e8te vis-\u00e0-vis des minorit\u00e9s les plus expos\u00e9es, la propagation des discours racistes relay\u00e9s par les m\u00e9dias \u00e0 la solde des capitalistes<\/p>\n<p>Ce pays ne fonctionne pas sans immigr\u00e9\u00b7es. Ce ne sont pas les personnes migrantes qui fragilisent le pays, mais les politiques men\u00e9es, le racisme et les injustices.<br \/>\nA Tours le 20 d\u00e9cembre, aux c\u00f4t\u00e9s des travailleuses et travailleurs les plus pr\u00e9caris\u00e9s \u2014 souvent sans papiers, invisibilis\u00e9s, essentiels \u2014 nous marcherons dans les rues de la ville et proc\u00e8derons \u00e0 des arr\u00eats \u00ab happening \u00bb pour rappeler une v\u00e9rit\u00e9 simple :<\/p>\n<p>\u00ab si on s\u2019arr\u00eate, tout s\u2019arr\u00eate !\u00bb<\/p>\n<p>Avec ou sans papiers, immigr\u00e9\u00b7e\u00b7s, enfants d\u2019immigr\u00e9\u00b7e\u00b7s, voisin\u00b7e\u00b7s, coll\u00e8gues, manifestant\u00b7e\u00b7s le 20 d\u00e9cembre, nous n\u2019irons pas dans les commerces.<\/p>\n<p>Rendez-vous : 14h30 \u2013 Place Anatole France<\/p>\n<p>Parcours : Rue Nationale \u2192 Place Jean Jaur\u00e8s \u2192 Gare (via rue de Bordeaux)<\/p>\n<p>pour exiger :<\/p>\n<p>    L\u2019abrogation de la loi Darmanin et de la circulaire Retailleau<br \/>\n    L\u2019\u00e9galit\u00e9 des droits : \u00e9cole, logement, sant\u00e9, culture, travail<br \/>\n    La r\u00e9gularisation des sans-papiers<br \/>\n    La fermeture des centres de r\u00e9tention (CRA)<br \/>\n    La condamnation effective et syst\u00e9matique des discours racistes<br \/>\n    La solidarit\u00e9, l\u2019\u00e9galit\u00e9, la justice sociale, contre le racisme et le fascisme<\/p>\n<p>A l\u2019appel de : Table de Jeanne-Marie, RESF , UTOPIA 56, Collectif Jeunes Tours, Collectif Pas d\u2019Enfants \u00e0 La Rue, La CIMADE , LDH37, La P\u2019tite Rouge, Collectif 37 notre sant\u00e9 en danger, chr\u00e9tiens migrants, Greenpeace, FUIQP 37, Collectif soutien Palestine 37, FSU 37, SOLIDAIRES 37, Solidaires \u00e9tudiant-e-s, PCOF 37, UCL 37, NPA 37, LFI37, Collectif soudanais,  <strong>Retirada 37<\/strong><\/p>\n","protected":false},"excerpt":{"rendered":"<p>Ensemble, faisons entendre nos voix et stoppons par une solidarit\u00e9 concr\u00e8te vis-\u00e0-vis des minorit\u00e9s les plus expos\u00e9es, la propagation des discours racistes relay\u00e9s par les m\u00e9dias \u00e0 la solde des capitalistes Ce pays ne fonctionne pas sans immigr\u00e9\u00b7es. Ce ne sont pas les personnes migrantes qui fragilisent le pays, mais les politiques men\u00e9es, le racisme &hellip; <a href=\"https:\/\/retirada37.com\/?p=19018\" class=\"more-link\">Continuer la lecture de <span class=\"screen-reader-text\">Tours le 20 d\u00e9cembre  A l\u2019occasion de la Journ\u00e9e internationale des migrant\u00b7e\u00b7s  Une journ\u00e9e d\u2019arr\u00eat, de lutte et de visibilit\u00e9  Une \u201cJourn\u00e9e Sans Nous\u201d : SI ON S&rsquo;ARR\u00caTE, TOUT S&rsquo;ARR\u00caTE !<\/span>  <span class=\"meta-nav\">&rarr;<\/span><\/a><\/p>\n","protected":false},"author":3,"featured_media":0,"comment_status":"open","ping_status":"open","sticky":false,"template":"","format":"standard","meta":{"_bbp_topic_count":0,"_bbp_reply_count":0,"_bbp_total_topic_count":0,"_bbp_total_reply_count":0,"_bbp_voice_count":0,"_bbp_anonymous_reply_count":0,"_bbp_topic_count_hidden":0,"_bbp_reply_count_hidden":0,"_bbp_forum_subforum_count":0,"footnotes":""},"categories":[2],"tags":[],"class_list":["post-19018","post","type-post","status-publish","format-standard","hentry","category-actualites"],"_links":{"self":[{"href":"https:\/\/retirada37.com\/index.php?rest_route=\/wp\/v2\/posts\/19018","targetHints":{"allow":["GET"]}}],"collection":[{"href":"https:\/\/retirada37.com\/index.php?rest_route=\/wp\/v2\/posts"}],"about":[{"href":"https:\/\/retirada37.com\/index.php?rest_route=\/wp\/v2\/types\/post"}],"author":[{"embeddable":true,"href":"https:\/\/retirada37.com\/index.php?rest_route=\/wp\/v2\/users\/3"}],"replies":[{"embeddable":true,"href":"https:\/\/retirada37.com\/index.php?rest_route=%2Fwp%2Fv2%2Fcomments&post=19018"}],"version-history":[{"count":1,"href":"https:\/\/retirada37.com\/index.php?rest_route=\/wp\/v2\/posts\/19018\/revisions"}],"predecessor-version":[{"id":19019,"href":"https:\/\/retirada37.com\/index.php?rest_route=\/wp\/v2\/posts\/19018\/revisions\/19019"}],"wp:attachment":[{"href":"https:\/\/retirada37.com\/index.php?rest_route=%2Fwp%2Fv2%2Fmedia&parent=19018"}],"wp:term":[{"taxonomy":"category","embeddable":true,"href":"https:\/\/retirada37.com\/index.php?rest_route=%2Fwp%2Fv2%2Fcategories&post=19018"},{"taxonomy":"post_tag","embeddable":true,"href":"https:\/\/retirada37.com\/index.php?rest_route=%2Fwp%2Fv2%2Ftags&post=19018"}],"curies":[{"name":"wp","href":"https:\/\/api.w.org\/{rel}","templated":true}]}}