{"id":19000,"date":"2025-11-21T14:54:39","date_gmt":"2025-11-21T13:54:39","guid":{"rendered":"https:\/\/retirada37.com\/?p=19000"},"modified":"2025-11-21T14:55:04","modified_gmt":"2025-11-21T13:55:04","slug":"a-paris-le-cercle-franco-hispanique-tente-de-programmer-une-messe-en-lhonneur-du-dictateur-espagnol","status":"publish","type":"post","link":"https:\/\/retirada37.com\/?p=19000","title":{"rendered":"\u00c0 Paris, le \u00ab\u00a0cercle Franco-hispanique\u00a0\u00bb tente de programmer une messe en l&rsquo;honneur du dictateur espagnol"},"content":{"rendered":"<p>Notre protestation vaut pour toutes tentatives pr\u00e9sentes ou avenir de la m\u00eame ignominie<\/p>\n<p>Paris le 20 novembre 2025<\/p>\n<p>A\u0300<br \/>\nMadame Anne Hidalgo, Maire de Paris, Monsieur Laurent Nun\u0303ez, Ministre de l\u2019Inte\u0301rieur et des cultes, Monsieur Victorio Redondo Baldrich, Ambassadeur d\u2019Espagne a\u0300 Paris, Monsieur Fernando Marti\u0301nez Lo\u0301pez, Secre\u0301taire d\u2019E\u0301tat a\u0300 la Me\u0301moire de\u0301mocratique.<\/p>\n<p>Madame, Messieurs,<\/p>\n<p>Une messe est annonce\u0301e pour ce 29 novembre a\u0300 la Chapelle Notre Dame de Consolation 13 rue Jean Goujon Paris 8e, en l\u2019honneur d\u2019un dictateur qui a re\u0301prime\u0301 son peuple de 1936 a\u0300 1975 et du leader d\u2019un parti fasciste, nous voulons nommer respectivement Francisco Franco Bahamonde et Jose\u0301-Antonio Primo de Rivera, fondateur de la Phalange.<\/p>\n<p>Au nom des re\u0301publicains espagnols qui se sont battus d\u2019abord pour re\u0301tablir l\u2019E\u0301tat de droit dans leur pays, puis, re\u0301fugie\u0301s en France, ont poursuivi partout le combat pour libe\u0301rer le monde du fascisme en le payant de leur sang, nous protestons e\u0301nergiquement contre la tenue de cette messe.<\/p>\n<p>Les hommes de la \u00ab Nueve \u00bb, ceux de la libe\u0301ration de Paris, les re\u0301sistants espagnols du plateau des Glie\u0300res et d\u2019ailleurs, les rescape\u0301s re\u0301publicains espagnols du camp de Mauthausen qui, par leur te\u0301moignage, ont permis de faire condamner les dignitaires nazis, me\u0301ritent-ils que, dans ce pays qui, malgre\u0301 tout, les a accueillis pour un long exil, une messe soit dite au profit de leur bourreau qui a aussi e\u0301te\u0301 celui de dizaines de milliers d\u2019Espagnols dans leur propre pays, le pays aux 6 000 fosses communes ?<\/p>\n<p>Est-il possible une fois de plus que l\u2019esprit des re\u0301publicains espagnols, et maintenant celui de leurs descendants, soit bafoue\u0301 ?<\/p>\n<p>Nous n\u2019avons aucun argument juridique a\u0300 avancer. Nous n\u2019avons que la me\u0301moire de nos ai\u0302ne\u0301s comme e\u0301tendard.<\/p>\n<p>Si cette messe devait avoir lieu, si ceux qui ont bafoue\u0301 de fac\u0327on criminelle l\u2019E\u0301tat de droit dans leur propre pays peuvent e\u0302tre honore\u0301s a\u0300 Paris, a\u0300 quoi bon se pre\u0301tendre le pays et la ville de la Liberte\u0301, a\u0300 quoi bon de\u0301sormais comme\u0301morer la victoire sur le nazisme ?<br \/>\nSous couvert de la liberte\u0301 de culte, cette ignominie pourrait-elle e\u0302tre perpe\u0301tre\u0301e ?<\/p>\n<p>Nous espe\u0301rons que vous entendrez notre reque\u0302te et qu\u2019au nom d\u2019une me\u0301moire qui devrait nous e\u0302tre commune, cet e\u0301ve\u0301nement n\u2019aura pas lieu.<\/p>\n<p><strong>L\u2019association 24 Aou\u0302t 1944<\/strong><\/p>\n<p>Nous venons d\u2019apprendre que l\u2019organisation fasciste (Le cercle Franco-Hispanique, site d\u2019information nationaliste et identitaire, nostalgique du franquisme) venait de reculer et d\u2019annuler la messe programm\u00e9e en l\u2019honneur du dictateur espagnol.<\/p>\n<p> Mais nous maintenons notre d\u00e9claration car JAMAIS ils ne doivent se sentir assez puissants pour r\u00e9it\u00e9rer leur infamie. <\/p>\n<p>  <strong>Pour l\u2019association 24 ao\u00fbt 1944<\/strong><\/p>\n","protected":false},"excerpt":{"rendered":"<p>Notre protestation vaut pour toutes tentatives pr\u00e9sentes ou avenir de la m\u00eame ignominie Paris le 20 novembre 2025 A\u0300 Madame Anne Hidalgo, Maire de Paris, Monsieur Laurent Nun\u0303ez, Ministre de l\u2019Inte\u0301rieur et des cultes, Monsieur Victorio Redondo Baldrich, Ambassadeur d\u2019Espagne a\u0300 Paris, Monsieur Fernando Marti\u0301nez Lo\u0301pez, Secre\u0301taire d\u2019E\u0301tat a\u0300 la Me\u0301moire de\u0301mocratique. Madame, Messieurs, Une &hellip; <a href=\"https:\/\/retirada37.com\/?p=19000\" class=\"more-link\">Continuer la lecture de <span class=\"screen-reader-text\">\u00c0 Paris, le \u00ab\u00a0cercle Franco-hispanique\u00a0\u00bb tente de programmer une messe en l&rsquo;honneur du dictateur espagnol<\/span>  <span class=\"meta-nav\">&rarr;<\/span><\/a><\/p>\n","protected":false},"author":3,"featured_media":0,"comment_status":"open","ping_status":"open","sticky":false,"template":"","format":"standard","meta":{"_bbp_topic_count":0,"_bbp_reply_count":0,"_bbp_total_topic_count":0,"_bbp_total_reply_count":0,"_bbp_voice_count":0,"_bbp_anonymous_reply_count":0,"_bbp_topic_count_hidden":0,"_bbp_reply_count_hidden":0,"_bbp_forum_subforum_count":0,"footnotes":""},"categories":[2],"tags":[],"class_list":["post-19000","post","type-post","status-publish","format-standard","hentry","category-actualites"],"_links":{"self":[{"href":"https:\/\/retirada37.com\/index.php?rest_route=\/wp\/v2\/posts\/19000","targetHints":{"allow":["GET"]}}],"collection":[{"href":"https:\/\/retirada37.com\/index.php?rest_route=\/wp\/v2\/posts"}],"about":[{"href":"https:\/\/retirada37.com\/index.php?rest_route=\/wp\/v2\/types\/post"}],"author":[{"embeddable":true,"href":"https:\/\/retirada37.com\/index.php?rest_route=\/wp\/v2\/users\/3"}],"replies":[{"embeddable":true,"href":"https:\/\/retirada37.com\/index.php?rest_route=%2Fwp%2Fv2%2Fcomments&post=19000"}],"version-history":[{"count":2,"href":"https:\/\/retirada37.com\/index.php?rest_route=\/wp\/v2\/posts\/19000\/revisions"}],"predecessor-version":[{"id":19002,"href":"https:\/\/retirada37.com\/index.php?rest_route=\/wp\/v2\/posts\/19000\/revisions\/19002"}],"wp:attachment":[{"href":"https:\/\/retirada37.com\/index.php?rest_route=%2Fwp%2Fv2%2Fmedia&parent=19000"}],"wp:term":[{"taxonomy":"category","embeddable":true,"href":"https:\/\/retirada37.com\/index.php?rest_route=%2Fwp%2Fv2%2Fcategories&post=19000"},{"taxonomy":"post_tag","embeddable":true,"href":"https:\/\/retirada37.com\/index.php?rest_route=%2Fwp%2Fv2%2Ftags&post=19000"}],"curies":[{"name":"wp","href":"https:\/\/api.w.org\/{rel}","templated":true}]}}