{"id":18977,"date":"2025-11-15T14:58:24","date_gmt":"2025-11-15T13:58:24","guid":{"rendered":"https:\/\/retirada37.com\/?p=18977"},"modified":"2025-11-15T14:58:52","modified_gmt":"2025-11-15T13:58:52","slug":"18977","status":"publish","type":"post","link":"https:\/\/retirada37.com\/?p=18977","title":{"rendered":"6000 charniers en Espagne&#8230;"},"content":{"rendered":"<p>La RTVE a cr\u00e9\u00e9 la premi\u00e8re carte audiovisuelle des fosses communes de la guerre civile et de la dictature franquiste, et a localis\u00e9 les 6 000 points o\u00f9 il y a ou a eu un enterrement clandestin de personnes assassin\u00e9es.<\/p>\n<p>&#x1f449;Vous pouvez rechercher votre ville ou votre village, par le nom d&rsquo;un membre de votre famille disparu ou par le nom de la fosse.<\/p>\n<p><a href=\"https:\/\/www.rtve.es\/noticias\/fosas-guerra-civil-franquismo\/mapa\/?fbclid=IwY2xjawOFZY5leHRuA2FlbQIxMABzcnRjBmFwcF9pZBAyMjIwMzkxNzg4MjAwODkyCGNhbGxzaXRlATIAAR7f69lLwdlRtX1gZSOjejJcU_603YxWDISGOMx7p7eh6b2nkuaUp7kKMuba8Q_aem_erpuldrv5DWUY-g-ofuGag\">https:\/\/www.rtve.es\/noticias\/fosas-guerra-civil-franquismo\/mapa\/?fbclid=IwY2xjawOFZY5leHRuA2FlbQIxMABzcnRjBmFwcF9pZBAyMjIwMzkxNzg4MjAwODkyCGNhbGxzaXRlATIAAR7f69lLwdlRtX1gZSOjejJcU_603YxWDISGOMx7p7eh6b2nkuaUp7kKMuba8Q_aem_erpuldrv5DWUY-g-ofuGag<\/a><\/p>\n<p><a href=\"https:\/\/retirada37.com\/wp-content\/uploads\/2025\/11\/580559814_1314433890699147_8601903276784265934_n.jpg\"><img loading=\"lazy\" decoding=\"async\" src=\"https:\/\/retirada37.com\/wp-content\/uploads\/2025\/11\/580559814_1314433890699147_8601903276784265934_n.jpg\" alt=\"\" width=\"720\" height=\"520\" class=\"alignnone size-full wp-image-18978\" srcset=\"https:\/\/retirada37.com\/wp-content\/uploads\/2025\/11\/580559814_1314433890699147_8601903276784265934_n.jpg 720w, https:\/\/retirada37.com\/wp-content\/uploads\/2025\/11\/580559814_1314433890699147_8601903276784265934_n-300x217.jpg 300w\" sizes=\"auto, (max-width: 720px) 100vw, 720px\" \/><\/a><\/p>\n","protected":false},"excerpt":{"rendered":"<p>La RTVE a cr\u00e9\u00e9 la premi\u00e8re carte audiovisuelle des fosses communes de la guerre civile et de la dictature franquiste, et a localis\u00e9 les 6 000 points o\u00f9 il y a ou a eu un enterrement clandestin de personnes assassin\u00e9es. &#x1f449;Vous pouvez rechercher votre ville ou votre village, par le nom d&rsquo;un membre de votre &hellip; <a href=\"https:\/\/retirada37.com\/?p=18977\" class=\"more-link\">Continuer la lecture de <span class=\"screen-reader-text\">6000 charniers en Espagne&#8230;<\/span>  <span class=\"meta-nav\">&rarr;<\/span><\/a><\/p>\n","protected":false},"author":3,"featured_media":0,"comment_status":"open","ping_status":"open","sticky":false,"template":"","format":"standard","meta":{"_bbp_topic_count":0,"_bbp_reply_count":0,"_bbp_total_topic_count":0,"_bbp_total_reply_count":0,"_bbp_voice_count":0,"_bbp_anonymous_reply_count":0,"_bbp_topic_count_hidden":0,"_bbp_reply_count_hidden":0,"_bbp_forum_subforum_count":0,"footnotes":""},"categories":[2],"tags":[],"class_list":["post-18977","post","type-post","status-publish","format-standard","hentry","category-actualites"],"_links":{"self":[{"href":"https:\/\/retirada37.com\/index.php?rest_route=\/wp\/v2\/posts\/18977","targetHints":{"allow":["GET"]}}],"collection":[{"href":"https:\/\/retirada37.com\/index.php?rest_route=\/wp\/v2\/posts"}],"about":[{"href":"https:\/\/retirada37.com\/index.php?rest_route=\/wp\/v2\/types\/post"}],"author":[{"embeddable":true,"href":"https:\/\/retirada37.com\/index.php?rest_route=\/wp\/v2\/users\/3"}],"replies":[{"embeddable":true,"href":"https:\/\/retirada37.com\/index.php?rest_route=%2Fwp%2Fv2%2Fcomments&post=18977"}],"version-history":[{"count":2,"href":"https:\/\/retirada37.com\/index.php?rest_route=\/wp\/v2\/posts\/18977\/revisions"}],"predecessor-version":[{"id":18980,"href":"https:\/\/retirada37.com\/index.php?rest_route=\/wp\/v2\/posts\/18977\/revisions\/18980"}],"wp:attachment":[{"href":"https:\/\/retirada37.com\/index.php?rest_route=%2Fwp%2Fv2%2Fmedia&parent=18977"}],"wp:term":[{"taxonomy":"category","embeddable":true,"href":"https:\/\/retirada37.com\/index.php?rest_route=%2Fwp%2Fv2%2Fcategories&post=18977"},{"taxonomy":"post_tag","embeddable":true,"href":"https:\/\/retirada37.com\/index.php?rest_route=%2Fwp%2Fv2%2Ftags&post=18977"}],"curies":[{"name":"wp","href":"https:\/\/api.w.org\/{rel}","templated":true}]}}