{"id":18971,"date":"2025-11-05T14:13:59","date_gmt":"2025-11-05T13:13:59","guid":{"rendered":"https:\/\/retirada37.com\/?p=18971"},"modified":"2025-11-05T14:13:59","modified_gmt":"2025-11-05T13:13:59","slug":"appel-a-manifester-contre-lultra-droite-fasciste-a-tours","status":"publish","type":"post","link":"https:\/\/retirada37.com\/?p=18971","title":{"rendered":"Appel \u00e0 manifester contre l&rsquo;ultra droite fasciste \u00e0 Tours"},"content":{"rendered":"<p> L\u2019association a pour objet de \u00ab Faire vivre les m\u00e9moires et les valeurs des R\u00e9publicains espagnols exil\u00e9s \u00bb<br \/>\nLe combat antifasciste est donc au c\u0153ur de .nos pr\u00e9occupations et nous nous associons \u00e0 l&rsquo;appel \u00e0 manifester contre la \u00ab\u00a0marche aux flambeaux\u00a0\u00bb du groupuscule d&rsquo;ultra droite \u00ab\u00a0Des Tours et des Lys\u00a0\u00bb, ce samedi 8 novembre, place Anatole France, \u00e0 Tours, \u00e0 18H30.<\/p>\n<p>Pr\u00e9cisons que des groupes fascistes de tout le grand ouest devraient renforcer la tenue de cet \u00e9v\u00e8nement naus\u00e9abond.<\/p>\n<p>No pasaran !<\/p>\n<p><a href=\"https:\/\/retirada37.com\/wp-content\/uploads\/2025\/11\/1000015888.jpg\"><img loading=\"lazy\" decoding=\"async\" src=\"https:\/\/retirada37.com\/wp-content\/uploads\/2025\/11\/1000015888.jpg\" alt=\"\" width=\"1080\" height=\"1080\" class=\"alignnone size-full wp-image-18972\" srcset=\"https:\/\/retirada37.com\/wp-content\/uploads\/2025\/11\/1000015888.jpg 1080w, https:\/\/retirada37.com\/wp-content\/uploads\/2025\/11\/1000015888-300x300.jpg 300w, https:\/\/retirada37.com\/wp-content\/uploads\/2025\/11\/1000015888-1024x1024.jpg 1024w, https:\/\/retirada37.com\/wp-content\/uploads\/2025\/11\/1000015888-150x150.jpg 150w, https:\/\/retirada37.com\/wp-content\/uploads\/2025\/11\/1000015888-768x768.jpg 768w\" sizes=\"auto, (max-width: 1080px) 100vw, 1080px\" \/><\/a><\/p>\n<p><a href=\"https:\/\/retirada37.com\/wp-content\/uploads\/2025\/11\/1000015887.jpg\"><img loading=\"lazy\" decoding=\"async\" src=\"https:\/\/retirada37.com\/wp-content\/uploads\/2025\/11\/1000015887.jpg\" alt=\"\" width=\"1080\" height=\"1350\" class=\"alignnone size-full wp-image-18973\" srcset=\"https:\/\/retirada37.com\/wp-content\/uploads\/2025\/11\/1000015887.jpg 1080w, https:\/\/retirada37.com\/wp-content\/uploads\/2025\/11\/1000015887-240x300.jpg 240w, https:\/\/retirada37.com\/wp-content\/uploads\/2025\/11\/1000015887-819x1024.jpg 819w, https:\/\/retirada37.com\/wp-content\/uploads\/2025\/11\/1000015887-768x960.jpg 768w\" sizes=\"auto, (max-width: 1080px) 100vw, 1080px\" \/><\/a><\/p>\n","protected":false},"excerpt":{"rendered":"<p>L\u2019association a pour objet de \u00ab Faire vivre les m\u00e9moires et les valeurs des R\u00e9publicains espagnols exil\u00e9s \u00bb Le combat antifasciste est donc au c\u0153ur de .nos pr\u00e9occupations et nous nous associons \u00e0 l&rsquo;appel \u00e0 manifester contre la \u00ab\u00a0marche aux flambeaux\u00a0\u00bb du groupuscule d&rsquo;ultra droite \u00ab\u00a0Des Tours et des Lys\u00a0\u00bb, ce samedi 8 novembre, place &hellip; <a href=\"https:\/\/retirada37.com\/?p=18971\" class=\"more-link\">Continuer la lecture de <span class=\"screen-reader-text\">Appel \u00e0 manifester contre l&rsquo;ultra droite fasciste \u00e0 Tours<\/span>  <span class=\"meta-nav\">&rarr;<\/span><\/a><\/p>\n","protected":false},"author":3,"featured_media":0,"comment_status":"open","ping_status":"open","sticky":false,"template":"","format":"standard","meta":{"_bbp_topic_count":0,"_bbp_reply_count":0,"_bbp_total_topic_count":0,"_bbp_total_reply_count":0,"_bbp_voice_count":0,"_bbp_anonymous_reply_count":0,"_bbp_topic_count_hidden":0,"_bbp_reply_count_hidden":0,"_bbp_forum_subforum_count":0,"footnotes":""},"categories":[2],"tags":[],"class_list":["post-18971","post","type-post","status-publish","format-standard","hentry","category-actualites"],"_links":{"self":[{"href":"https:\/\/retirada37.com\/index.php?rest_route=\/wp\/v2\/posts\/18971","targetHints":{"allow":["GET"]}}],"collection":[{"href":"https:\/\/retirada37.com\/index.php?rest_route=\/wp\/v2\/posts"}],"about":[{"href":"https:\/\/retirada37.com\/index.php?rest_route=\/wp\/v2\/types\/post"}],"author":[{"embeddable":true,"href":"https:\/\/retirada37.com\/index.php?rest_route=\/wp\/v2\/users\/3"}],"replies":[{"embeddable":true,"href":"https:\/\/retirada37.com\/index.php?rest_route=%2Fwp%2Fv2%2Fcomments&post=18971"}],"version-history":[{"count":1,"href":"https:\/\/retirada37.com\/index.php?rest_route=\/wp\/v2\/posts\/18971\/revisions"}],"predecessor-version":[{"id":18974,"href":"https:\/\/retirada37.com\/index.php?rest_route=\/wp\/v2\/posts\/18971\/revisions\/18974"}],"wp:attachment":[{"href":"https:\/\/retirada37.com\/index.php?rest_route=%2Fwp%2Fv2%2Fmedia&parent=18971"}],"wp:term":[{"taxonomy":"category","embeddable":true,"href":"https:\/\/retirada37.com\/index.php?rest_route=%2Fwp%2Fv2%2Fcategories&post=18971"},{"taxonomy":"post_tag","embeddable":true,"href":"https:\/\/retirada37.com\/index.php?rest_route=%2Fwp%2Fv2%2Ftags&post=18971"}],"curies":[{"name":"wp","href":"https:\/\/api.w.org\/{rel}","templated":true}]}}