{"id":18949,"date":"2025-10-30T03:46:07","date_gmt":"2025-10-30T02:46:07","guid":{"rendered":"https:\/\/retirada37.com\/?p=18949"},"modified":"2025-10-24T13:47:06","modified_gmt":"2025-10-24T12:47:06","slug":"espagne-les-derniers-symboles-du-franquisme-devraient-etre-elimines-avant-le-50eme-anniversaire-de-la-mort-du-dictateur-sanguinaire-franco","status":"publish","type":"post","link":"https:\/\/retirada37.com\/?p=18949","title":{"rendered":"ESPAGNE : LES DERNIERS SYMBOLES DU FRANQUISME DEVRAIENT \u00caTRE \u00c9LIMIN\u00c9S AVANT LE 50\u00e8me ANNIVERSAIRE DE LA MORT DU DICTATEUR SANGUINAIRE FRANCO !"},"content":{"rendered":"<p>Le gouvernement de gauche espagnol a annonc\u00e9 mercredi sa d\u00e9cision de faire dispara\u00eetre les symboles de la terrible dictature franquiste de l&rsquo;espace public en novembre, pour le 50e anniversaire de la mort de Franco, qui s\u00e9vit de 1939 \u00e0 1975.<\/p>\n<p>R\u00e9pondant mercredi aux questions des d\u00e9put\u00e9s, le Premier ministre socialiste Pedro S\u00e1nchez a ainsi annonc\u00e9 \u00ab\u00a0qu&rsquo;avant la fin du mois de novembre, nous publierons au Journal officiel la liste compl\u00e8te des \u00e9l\u00e9ments et symboles franquistes afin qu&rsquo;ils soient d\u00e9finitivement retir\u00e9s de notre pays et de nos rues\u00a0\u00bb.<\/p>\n<p>Selon le site internet \u00ab\u00a0Deber\u00eda Desaparecer\u00a0\u00bb (\u00ab\u00a0\u00c7a devrait dispara\u00eetre\u00a0\u00bb), qui recense ces \u00e9l\u00e9ments, plus de 6000 symboles de l&rsquo;\u00e9poque franquiste sont encore pr\u00e9sents sur le territoire espagnol.<br \/>\nEn d\u00e9ambulant dans les villes du pays, il n&rsquo;est ainsi pas rare de tomber sur des statues, des embl\u00e8mes militaires, des noms de rues ou encore de places et de boulevards \u00e0 la gloire du dictateur ou des dignitaires de son r\u00e9gime. Une aberration selon de nombreuses associations et le gouvernement de gauche de Pedro S\u00e1nchez.<\/p>\n<p>L&rsquo;un des cas les plus embl\u00e9matiques reste l'\u00a0\u00bbArc de la Victoire\u00a0\u00bb, un \u00e9difice n\u00e9oclassique construit dans les ann\u00e9es 1950 \u00e0 l&rsquo;entr\u00e9e ouest de Madrid pour c\u00e9l\u00e9brer le succ\u00e8s des troupes franquistes sur les soldats r\u00e9publicains lors de la Guerre civile (1936-1939).<\/p>\n<p>Apr\u00e8s sa mort, aucun responsable du r\u00e9gime n&rsquo;a \u00e9t\u00e9 jug\u00e9, cette p\u00e9riode ayant fait l&rsquo;objet d&rsquo;une vaste amnistie.<\/p>\n<p>En 2007, le gouvernement du socialiste Zapatero, d\u00e9sireux de solder ce douloureux pass\u00e9, avait amorc\u00e9 un changement avec sa loi dite de \u00ab\u00a0m\u00e9moire historique\u00a0\u00bb, qui obligeait les administrations \u00e0 retirer les symboles \u00ab\u00a0faisant l&rsquo;apologie\u00a0\u00bb de la dictature dans l&rsquo;espace public.<\/p>\n<p><a href=\"https:\/\/retirada37.com\/wp-content\/uploads\/2025\/10\/568064816_10164527958536435_8763320120861244452_n.jpg\"><img loading=\"lazy\" decoding=\"async\" src=\"https:\/\/retirada37.com\/wp-content\/uploads\/2025\/10\/568064816_10164527958536435_8763320120861244452_n.jpg\" alt=\"\" width=\"500\" height=\"261\" class=\"alignnone size-full wp-image-18950\" srcset=\"https:\/\/retirada37.com\/wp-content\/uploads\/2025\/10\/568064816_10164527958536435_8763320120861244452_n.jpg 500w, https:\/\/retirada37.com\/wp-content\/uploads\/2025\/10\/568064816_10164527958536435_8763320120861244452_n-300x157.jpg 300w\" sizes=\"auto, (max-width: 500px) 100vw, 500px\" \/><\/a><\/p>\n","protected":false},"excerpt":{"rendered":"<p>Le gouvernement de gauche espagnol a annonc\u00e9 mercredi sa d\u00e9cision de faire dispara\u00eetre les symboles de la terrible dictature franquiste de l&rsquo;espace public en novembre, pour le 50e anniversaire de la mort de Franco, qui s\u00e9vit de 1939 \u00e0 1975. R\u00e9pondant mercredi aux questions des d\u00e9put\u00e9s, le Premier ministre socialiste Pedro S\u00e1nchez a ainsi annonc\u00e9 &hellip; <a href=\"https:\/\/retirada37.com\/?p=18949\" class=\"more-link\">Continuer la lecture de <span class=\"screen-reader-text\">ESPAGNE : LES DERNIERS SYMBOLES DU FRANQUISME DEVRAIENT \u00caTRE \u00c9LIMIN\u00c9S AVANT LE 50\u00e8me ANNIVERSAIRE DE LA MORT DU DICTATEUR SANGUINAIRE FRANCO !<\/span>  <span class=\"meta-nav\">&rarr;<\/span><\/a><\/p>\n","protected":false},"author":3,"featured_media":0,"comment_status":"open","ping_status":"open","sticky":false,"template":"","format":"standard","meta":{"_bbp_topic_count":0,"_bbp_reply_count":0,"_bbp_total_topic_count":0,"_bbp_total_reply_count":0,"_bbp_voice_count":0,"_bbp_anonymous_reply_count":0,"_bbp_topic_count_hidden":0,"_bbp_reply_count_hidden":0,"_bbp_forum_subforum_count":0,"footnotes":""},"categories":[2],"tags":[],"class_list":["post-18949","post","type-post","status-publish","format-standard","hentry","category-actualites"],"_links":{"self":[{"href":"https:\/\/retirada37.com\/index.php?rest_route=\/wp\/v2\/posts\/18949","targetHints":{"allow":["GET"]}}],"collection":[{"href":"https:\/\/retirada37.com\/index.php?rest_route=\/wp\/v2\/posts"}],"about":[{"href":"https:\/\/retirada37.com\/index.php?rest_route=\/wp\/v2\/types\/post"}],"author":[{"embeddable":true,"href":"https:\/\/retirada37.com\/index.php?rest_route=\/wp\/v2\/users\/3"}],"replies":[{"embeddable":true,"href":"https:\/\/retirada37.com\/index.php?rest_route=%2Fwp%2Fv2%2Fcomments&post=18949"}],"version-history":[{"count":1,"href":"https:\/\/retirada37.com\/index.php?rest_route=\/wp\/v2\/posts\/18949\/revisions"}],"predecessor-version":[{"id":18951,"href":"https:\/\/retirada37.com\/index.php?rest_route=\/wp\/v2\/posts\/18949\/revisions\/18951"}],"wp:attachment":[{"href":"https:\/\/retirada37.com\/index.php?rest_route=%2Fwp%2Fv2%2Fmedia&parent=18949"}],"wp:term":[{"taxonomy":"category","embeddable":true,"href":"https:\/\/retirada37.com\/index.php?rest_route=%2Fwp%2Fv2%2Fcategories&post=18949"},{"taxonomy":"post_tag","embeddable":true,"href":"https:\/\/retirada37.com\/index.php?rest_route=%2Fwp%2Fv2%2Ftags&post=18949"}],"curies":[{"name":"wp","href":"https:\/\/api.w.org\/{rel}","templated":true}]}}