{"id":18885,"date":"2025-09-17T12:57:48","date_gmt":"2025-09-17T11:57:48","guid":{"rendered":"https:\/\/retirada37.com\/?p=18885"},"modified":"2025-09-17T13:00:13","modified_gmt":"2025-09-17T12:00:13","slug":"non-a-lhommage-francais-au-dictateur-franco-pour-la-coherence-la-memoire-et-la-justice-universelle","status":"publish","type":"post","link":"https:\/\/retirada37.com\/?p=18885","title":{"rendered":"Non \u00e0 l\u2019hommage fran\u00e7ais au dictateur Franco \u2014 Pour la coh\u00e9rence, la m\u00e9moire, et la justice universelle"},"content":{"rendered":"<p>Comme beaucoup, j\u2019ai appris que Francisco Franco, dictateur espagnol responsable de dizaines de milliers de morts, de disparus et d\u2019exil\u00e9s, est encore aujourd\u2019hui d\u00e9cor\u00e9 de la L\u00e9gion d\u2019honneur, plus haute distinction de la R\u00e9publique fran\u00e7aise.<\/p>\n<p>Cinquante ans apr\u00e8s sa mort, cette d\u00e9coration est un affront.<br \/>\nUn affront aux victimes du franquisme.<br \/>\nUn affront \u00e0 l\u2019histoire d\u00e9mocratique de la France.<br \/>\nUn affront \u00e0 la coh\u00e9rence de notre R\u00e9publique.<\/p>\n<p>Honorer Franco, c\u2019est honorer un criminel.<br \/>\nSon r\u00e9gime fut une dictature sanglante, alli\u00e9e objective des fascismes europ\u00e9ens, r\u00e9primant les opposants, r\u00e9duisant au silence les peuples, \u00e9touffant la libert\u00e9.<\/p>\n<p>Honorer Franco, c\u2019est cautionner l\u2019oubli.<br \/>\nAlors m\u00eame que des familles espagnoles cherchent encore \u00e0 exhumer leurs morts dans des fosses communes, la France maintient le dictateur dans son panth\u00e9on officiel.<\/p>\n<p>Honorer Franco, c\u2019est trahir nos principes universels.<br \/>\nCar aujourd\u2019hui, la France garde le silence face \u00e0 d\u2019autres formes de colonialisme et d\u2019apartheid \u2014 en particulier l\u2019entreprise coloniale isra\u00e9lienne en Palestine. Ce double discours affaiblit notre diplomatie et nourrit les r\u00e9visionnismes.<\/p>\n<p>Les grands textes l\u2019avaient pourtant affirm\u00e9 :<br \/>\n&#8211; La D\u00e9claration universelle des droits de l\u2019homme (ONU, 1948).<br \/>\n&#8211; La Charte des Nations unies et les Conventions de Gen\u00e8ve.<br \/>\n&#8211; La Charte de l\u2019environnement (Constitution fran\u00e7aise, 2005).<\/p>\n<p>Toutes rappellent la n\u00e9cessit\u00e9 de prot\u00e9ger la dignit\u00e9 humaine et de s\u2019opposer \u00e0 la colonisation, aux dictatures et aux crimes contre l\u2019humanit\u00e9.<\/p>\n<p>En maintenant Franco d\u00e9cor\u00e9, la R\u00e9publique viole l\u2019esprit m\u00eame de sa propre Constitution et de ses engagements internationaux.<\/p>\n<p>Je m\u2019oppose donc au maintien de la L\u00e9gion d\u2019honneur attribu\u00e9e \u00e0 Franco.<\/p>\n<p>Par cette p\u00e9tition, je demande :<br \/>\n&#8211; Son retrait imm\u00e9diat ;<br \/>\n&#8211; Une r\u00e9forme pour qu\u2019aucun dictateur, criminel de guerre ou r\u00e9gime colonial ne puisse \u00eatre honor\u00e9 au nom de la R\u00e9publique fran\u00e7aise ;<br \/>\n&#8211; L\u2019ouverture d\u2019un d\u00e9bat d\u00e9mocratique sur la m\u00e9moire coloniale et sur la coh\u00e9rence de notre diplomatie en mati\u00e8re de droits humains.<\/p>\n<p>Aujourd\u2019hui j\u2019\u00e9cris seul\u00b7e, mais nous sommes des milliers \u00e0 refuser que la R\u00e9publique fran\u00e7aise continue \u00e0 l\u00e9gitimer les dictatures d\u2019hier et les colonialismes d\u2019aujourd\u2019hui.<\/p>\n<p>    Commission des affaires \u00e9trang\u00e8res. <strong>S&rsquo;inscrire ici <\/strong>: <a href=\"https:\/\/petitions.assemblee-nationale.fr\/initiatives\/i-3898\">https:\/\/petitions.assemblee-nationale.fr\/initiatives\/i-3898<\/a><\/p>\n<blockquote><p><script src=\"https:\/\/petitions.assemblee-nationale.fr\/initiatives\/i-3898\/embed.js\"><\/script><br \/>\n<noscript><iframe src=\"https:\/\/petitions.assemblee-nationale.fr\/initiatives\/i-3898\/embed.html\" frameborder=\"0\" scrolling=\"vertical\"><\/iframe><\/noscript> <\/p><\/blockquote>\n","protected":false},"excerpt":{"rendered":"<p>Comme beaucoup, j\u2019ai appris que Francisco Franco, dictateur espagnol responsable de dizaines de milliers de morts, de disparus et d\u2019exil\u00e9s, est encore aujourd\u2019hui d\u00e9cor\u00e9 de la L\u00e9gion d\u2019honneur, plus haute distinction de la R\u00e9publique fran\u00e7aise. Cinquante ans apr\u00e8s sa mort, cette d\u00e9coration est un affront. Un affront aux victimes du franquisme. Un affront \u00e0 l\u2019histoire &hellip; <a href=\"https:\/\/retirada37.com\/?p=18885\" class=\"more-link\">Continuer la lecture de <span class=\"screen-reader-text\">Non \u00e0 l\u2019hommage fran\u00e7ais au dictateur Franco \u2014 Pour la coh\u00e9rence, la m\u00e9moire, et la justice universelle<\/span>  <span class=\"meta-nav\">&rarr;<\/span><\/a><\/p>\n","protected":false},"author":3,"featured_media":0,"comment_status":"open","ping_status":"open","sticky":false,"template":"","format":"standard","meta":{"_bbp_topic_count":0,"_bbp_reply_count":0,"_bbp_total_topic_count":0,"_bbp_total_reply_count":0,"_bbp_voice_count":0,"_bbp_anonymous_reply_count":0,"_bbp_topic_count_hidden":0,"_bbp_reply_count_hidden":0,"_bbp_forum_subforum_count":0,"footnotes":""},"categories":[2],"tags":[],"class_list":["post-18885","post","type-post","status-publish","format-standard","hentry","category-actualites"],"_links":{"self":[{"href":"https:\/\/retirada37.com\/index.php?rest_route=\/wp\/v2\/posts\/18885","targetHints":{"allow":["GET"]}}],"collection":[{"href":"https:\/\/retirada37.com\/index.php?rest_route=\/wp\/v2\/posts"}],"about":[{"href":"https:\/\/retirada37.com\/index.php?rest_route=\/wp\/v2\/types\/post"}],"author":[{"embeddable":true,"href":"https:\/\/retirada37.com\/index.php?rest_route=\/wp\/v2\/users\/3"}],"replies":[{"embeddable":true,"href":"https:\/\/retirada37.com\/index.php?rest_route=%2Fwp%2Fv2%2Fcomments&post=18885"}],"version-history":[{"count":2,"href":"https:\/\/retirada37.com\/index.php?rest_route=\/wp\/v2\/posts\/18885\/revisions"}],"predecessor-version":[{"id":18888,"href":"https:\/\/retirada37.com\/index.php?rest_route=\/wp\/v2\/posts\/18885\/revisions\/18888"}],"wp:attachment":[{"href":"https:\/\/retirada37.com\/index.php?rest_route=%2Fwp%2Fv2%2Fmedia&parent=18885"}],"wp:term":[{"taxonomy":"category","embeddable":true,"href":"https:\/\/retirada37.com\/index.php?rest_route=%2Fwp%2Fv2%2Fcategories&post=18885"},{"taxonomy":"post_tag","embeddable":true,"href":"https:\/\/retirada37.com\/index.php?rest_route=%2Fwp%2Fv2%2Ftags&post=18885"}],"curies":[{"name":"wp","href":"https:\/\/api.w.org\/{rel}","templated":true}]}}