{"id":18872,"date":"2025-08-25T08:46:23","date_gmt":"2025-08-25T07:46:23","guid":{"rendered":"https:\/\/retirada37.com\/?p=18872"},"modified":"2025-08-19T15:51:43","modified_gmt":"2025-08-19T14:51:43","slug":"1937-la-tcheka-stalinienne-a-loeuvre-en-espagne","status":"publish","type":"post","link":"https:\/\/retirada37.com\/?p=18872","title":{"rendered":"1937, la Tch\u00e9ka stalinienne \u00e0 l\u2019\u0153uvre en Espagne"},"content":{"rendered":"<p><strong>\u00c0 la Prison mod\u00e8le. <\/strong><\/p>\n<p>Le dimanche 28 novembre, nous all\u00e2mes \u00e0 la Prison mod\u00e8le de Barcelone, et pr\u00e9sent\u00e2mes nos autorisations au directeur de la prison des hommes. Il fut tr\u00e8s courtois et nous conduisit chez le m\u00e9decin de la prison. On nous apprit qu\u2019il y avait dans cette prison 1 500 prisonniers, dont 500 antifascistes, 500 fascistes et 500 d\u00e9linquants de droit commun.<\/p>\n<p>C\u2019\u00e9tait dimanche, et l\u2019heure des visites, aussi nous nous trouv\u00e2mes en pr\u00e9sence de 500 \u00e0 600 visiteurs demandant \u00e0 entrer afin de voir leurs amis. Comme il convient, c\u2019\u00e9tait l\u2019aile gauche de la prison qui \u00e9tait attribu\u00e9e aux prisonniers de gauche !<\/p>\n<p>Nous entr\u00e2mes dans une grande salle par une immense porte de fer de 6 m\u00e8tres de large sur 3,5 m\u00e8tres de haut. Les prisonniers avaient appris que nous allions venir et nous firent une chaude r\u00e9ception. La difficult\u00e9 \u00e9tait que c\u2019\u00e9tait \u00e0 qui nous parlerait le premier des brutalit\u00e9s qu\u2019il avait endur\u00e9es de la part de la Tch\u00e9ka avant d\u2019\u00eatre entr\u00e9 dans cette prison-ci.<\/p>\n<p>Un prisonnier italien nous fit une remarquable description des tortures qui lui avaient \u00e9t\u00e9 inflig\u00e9es dans une cellule souterraine. Il fut attach\u00e9 au mur, les mains au-dessus de la t\u00eate, avec deux gardes \u00e0 ses c\u00f4t\u00e9s, ba\u00efonnette au canon, pendant qu\u2019un jeune officier de la Tch\u00e9ka tenait des papiers de la main gauche et de la main droite un revolver dirig\u00e9 sur sa poitrine.<\/p>\n<p>L\u2019officier de la Tch\u00e9ka le soumit \u00e0 un interrogatoire du troisi\u00e8me degr\u00e9 pr\u00e9tendant qu\u2019il avait de faux papiers, le sommant de dire o\u00f9 certains de ses camarades pourraient \u00eatre trouv\u00e9s, le mena\u00e7ant de le tuer et de jeter son corps dans un \u00e9gout qui passait dans la cellule. Cet Italien fut soumis \u00e0 cette torture, durant cinq \u00e0 six heures chaque fois, avant d\u2019\u00eatre finalement transf\u00e9r\u00e9 \u00e0 la Prison mod\u00e8le.<br \/>\nChallaye et moi-m\u00eame interroge\u00e2mes \u00e9galement un Fran\u00e7ais, qui appartenait auparavant \u00e0 l\u2019arm\u00e9e fran\u00e7aise, et qui avait abandonn\u00e9 sa situation pour venir en Espagne combattre le fascisme. Il avait \u00e9t\u00e9 nomm\u00e9 officier dans l\u2019arm\u00e9e espagnole gouvernementale et avait combattu sur le front de Madrid pendant plus de cinq mois. La seule raison pour laquelle il se trouvait dans la Prison mod\u00e8le \u00e9tait qu\u2019il avait franchement exprim\u00e9 son opinion sur le Comintern et les m\u00e9thodes de la Tch\u00e9ka. Il me donna l\u2019impression d\u2019un homme splendide.<\/p>\n<p>Il ressentait comme un outrage effroyable d\u2019avoir \u00e9t\u00e9 gard\u00e9 en prison pendant plus de quatre mois ; il insistait sur ceci : \u00ab Qu\u2019on me fasse un proc\u00e8s si j\u2019ai commis quelque faute ; sinon qu\u2019on me rende ma libert\u00e9 ! \u00bb Il y avait \u00e9galement un bon nombre de ces prisonniers qui avaient \u00e9t\u00e9 bless\u00e9s au cours des combats contre Franco, et cependant on les gardait en prison sous le pr\u00e9texte qu\u2019ils \u00e9taient des alli\u00e9s de Franco !<\/p>\n<p>Notre d\u00e9l\u00e9gation fut sp\u00e9cialement bien accueillie par les prisonniers du Poum, et nous pass\u00e2mes une heure dans la cellule de Gironella. Plusieurs prisonniers \u00e9taient d\u2019ailleurs incarc\u00e9r\u00e9s dans cette m\u00eame cellule. C\u2019\u00e9tait une v\u00e9ritable Internationale de prisonniers que cette prison.<\/p>\n<p>Il y en avait de France, de Gr\u00e8ce, d\u2019Allemagne, d\u2019Italie, d\u2019Autriche, de Belgique, de Hollande, de Suisse et d\u2019Am\u00e9rique autant que d\u2019Espagne. Tous ces prisonniers nous press\u00e8rent de faire conna\u00eetre les brutalit\u00e9s de la Tch\u00e9ka, avec ses tortures, son troisi\u00e8me degr\u00e9 et ses meurtres des militants socialistes combattant en Espagne.<\/p>\n<p>Lorsque nous d\u00e9cid\u00e2mes de quitter l\u2019aile antifasciste de la prison, il y eut un rush spontan\u00e9 de tout le monde vers la porte. Les prisonniers chant\u00e8rent deux hymnes de la CNT, puis l\u2019Internationale, et termin\u00e8rent avec des vivats \u00e0 l\u2019adresse de la CNT, de la FAI et du Poum.<\/p>\n<p>Le d\u00e9l\u00e9gu\u00e9 de l\u2019ILP fut sp\u00e9cialement l\u2019objet de la reconnaissance internationale ; enfin il y eut des cris de \u00ab \u00c0 bas la Tch\u00e9ka du Comintern ! \u00bb et, \u00e0 son adresse, de violents sifflets. C\u2019\u00e9tait une vue tr\u00e8s \u00e9mouvante que celle de ces 500 prisonniers antifascistes, la plupart jeunes, qui remplissaient les galeries, les escaliers et la grande salle, le poing ferm\u00e9, l\u2019\u0153il brillant, la t\u00eate rejet\u00e9e en arri\u00e8re en une attitude de d\u00e9fi.<\/p>\n<p>Notre derni\u00e8re vision fut celle de centaines d\u2019hommes applaudissant, de l\u2019autre c\u00f4t\u00e9 de l\u2019immense porte de fer. Cette porte de fer \u00e9tait pour nous comme le symbole de la Tch\u00e9ka du Comintern. C\u2019est par des moyens pareils qu\u2019elle entend supprimer le mouvement r\u00e9volutionnaire en Espagne afin de substituer au mot d\u2019ordre de \u00ab Pouvoir ouvrier \u00bb celui de \u00ab D\u00e9mocratie bourgeoise \u00bb.<\/p>\n<p>L\u2019Internationale communiste et son organisation d\u2019assassins sont en train de faire na\u00eetre contre eux une haine formidable. Un jour, la temp\u00eate \u00e9clatera et d\u00e9truira leur effroyable gangst\u00e9risme. Ce sera un d\u00e9sastre pour tous ceux qui y auront particip\u00e9.<\/p>\n<p><strong>\u00c0 la prison secr\u00e8te de la Tch\u00e9ka.<\/strong><\/p>\n<p>Notre derni\u00e8re visite fut pour la prison secr\u00e8te de la Tch\u00e9ka \u00e0 la place Junta : Adraine Bonanova. Nous avions \u00e9t\u00e9 avis\u00e9s de l\u2019existence de cette prison par plusieurs bons camarades. Lorsque nous e\u00fbmes mont\u00e9 les marches qui m\u00e8nent \u00e0 la prison, nous trouv\u00e2mes le chemin barr\u00e9 par deux gardiens, arm\u00e9s de fusils et ba\u00efonnette au canon.<\/p>\n<p>Nous pr\u00e9sent\u00e2mes notre autorisation du directeur des prisons et du ministre de la Justice pour visiter les prisons et un mot fut envoy\u00e9 \u00e0 l\u2019int\u00e9rieur. Alors un officier apparut, qui regarda nos autorisations avec un m\u00e9pris \u00e9vident. Il nous informa qu\u2019il ne recevait pas d\u2019ordres du directeur des prisons ou du ministre de la Justice, car ce n\u2019\u00e9taient pas l\u00e0 ses patrons.<br \/>\nNous lui demand\u00e2mes alors qui \u00e9tait son patron, et il nous donna une adresse, celle du quartier g\u00e9n\u00e9ral de la Tch\u00e9ka. Son refus de nous permettre de visiter la prison et les prisonniers \u00e9tait total et d\u00e9finitif. Nous all\u00e2mes donc au quartier g\u00e9n\u00e9ral de la Tch\u00e9ka, Puerta del Angel 24.<a href=\"https:\/\/retirada37.com\/wp-content\/uploads\/2025\/08\/Frenkel2.jpg\"><img loading=\"lazy\" decoding=\"async\" src=\"https:\/\/retirada37.com\/wp-content\/uploads\/2025\/08\/Frenkel2.jpg\" alt=\"\" width=\"800\" height=\"561\" class=\"alignnone size-full wp-image-18873\" srcset=\"https:\/\/retirada37.com\/wp-content\/uploads\/2025\/08\/Frenkel2.jpg 800w, https:\/\/retirada37.com\/wp-content\/uploads\/2025\/08\/Frenkel2-300x210.jpg 300w, https:\/\/retirada37.com\/wp-content\/uploads\/2025\/08\/Frenkel2-768x539.jpg 768w\" sizes=\"auto, (max-width: 800px) 100vw, 800px\" \/><\/a><\/p>\n<p>Nous entr\u00e2mes dans une cour et par un couloir dans une pi\u00e8ce int\u00e9rieure qui avait toute l\u2019apparence d\u2019un lieu de d\u00e9tention. Nous remarqu\u00e2mes qu\u2019il y avait sur la table un grand nombre de livres de propagande russes et de journaux communistes, et aucune autre sorte de livres ou de journaux. Apr\u00e8s un court d\u00e9lai, une jeune femme entra, qui nous demanda ce que nous voulions. Elle ne nous cacha pas qu\u2019elle savait qui nous \u00e9tions, et qu\u2019on l\u2019avait pr\u00e9venue, de la prison, que nous \u00e9tions en train de venir. Elle prit les pi\u00e8ces qui nous autorisaient \u00e0 visiter les prisons.<\/p>\n<p>Ensuite apparurent deux jeunes hommes dont ni l\u2019un ni l\u2019autre n\u2019\u00e9taient espagnols. Notre interpr\u00e8te, qui conna\u00eet un grand nombre de langues et de pays, fut convaincu par leur accent que l\u2019un \u00e9tait Russe et l\u2019autre Allemand.<\/p>\n<p>Le Russe nous informa que nous ne pouvions ni voir l\u2019int\u00e9rieur de la prison ni causer avec les prisonniers. Je r\u00e9pondis que nous avions des autorisations du directeur des prisons et du ministre de la Justice, et nous demand\u00e2mes si notre interlocuteur \u00e9tait plus puissant que le gouvernement, en ajoutant que si on nous refusait l\u2019entr\u00e9e, nous serions oblig\u00e9s, comme de juste, d\u2019en tirer des conclusions.<\/p>\n<p><strong>John Mac Govern<\/strong><\/p>\n<p>Le Monde libertaire n\u00b0228 (d\u00e9c. 1976)<\/p>\n","protected":false},"excerpt":{"rendered":"<p>\u00c0 la Prison mod\u00e8le. Le dimanche 28 novembre, nous all\u00e2mes \u00e0 la Prison mod\u00e8le de Barcelone, et pr\u00e9sent\u00e2mes nos autorisations au directeur de la prison des hommes. Il fut tr\u00e8s courtois et nous conduisit chez le m\u00e9decin de la prison. On nous apprit qu\u2019il y avait dans cette prison 1 500 prisonniers, dont 500 antifascistes, &hellip; <a href=\"https:\/\/retirada37.com\/?p=18872\" class=\"more-link\">Continuer la lecture de <span class=\"screen-reader-text\">1937, la Tch\u00e9ka stalinienne \u00e0 l\u2019\u0153uvre en Espagne<\/span>  <span class=\"meta-nav\">&rarr;<\/span><\/a><\/p>\n","protected":false},"author":3,"featured_media":0,"comment_status":"open","ping_status":"open","sticky":false,"template":"","format":"standard","meta":{"_bbp_topic_count":0,"_bbp_reply_count":0,"_bbp_total_topic_count":0,"_bbp_total_reply_count":0,"_bbp_voice_count":0,"_bbp_anonymous_reply_count":0,"_bbp_topic_count_hidden":0,"_bbp_reply_count_hidden":0,"_bbp_forum_subforum_count":0,"footnotes":""},"categories":[14,15],"tags":[],"class_list":["post-18872","post","type-post","status-publish","format-standard","hentry","category-histoire","category-temoignages-et-recits"],"_links":{"self":[{"href":"https:\/\/retirada37.com\/index.php?rest_route=\/wp\/v2\/posts\/18872","targetHints":{"allow":["GET"]}}],"collection":[{"href":"https:\/\/retirada37.com\/index.php?rest_route=\/wp\/v2\/posts"}],"about":[{"href":"https:\/\/retirada37.com\/index.php?rest_route=\/wp\/v2\/types\/post"}],"author":[{"embeddable":true,"href":"https:\/\/retirada37.com\/index.php?rest_route=\/wp\/v2\/users\/3"}],"replies":[{"embeddable":true,"href":"https:\/\/retirada37.com\/index.php?rest_route=%2Fwp%2Fv2%2Fcomments&post=18872"}],"version-history":[{"count":1,"href":"https:\/\/retirada37.com\/index.php?rest_route=\/wp\/v2\/posts\/18872\/revisions"}],"predecessor-version":[{"id":18874,"href":"https:\/\/retirada37.com\/index.php?rest_route=\/wp\/v2\/posts\/18872\/revisions\/18874"}],"wp:attachment":[{"href":"https:\/\/retirada37.com\/index.php?rest_route=%2Fwp%2Fv2%2Fmedia&parent=18872"}],"wp:term":[{"taxonomy":"category","embeddable":true,"href":"https:\/\/retirada37.com\/index.php?rest_route=%2Fwp%2Fv2%2Fcategories&post=18872"},{"taxonomy":"post_tag","embeddable":true,"href":"https:\/\/retirada37.com\/index.php?rest_route=%2Fwp%2Fv2%2Ftags&post=18872"}],"curies":[{"name":"wp","href":"https:\/\/api.w.org\/{rel}","templated":true}]}}