{"id":18869,"date":"2025-08-19T15:11:32","date_gmt":"2025-08-19T14:11:32","guid":{"rendered":"https:\/\/retirada37.com\/?p=18869"},"modified":"2025-08-19T15:11:32","modified_gmt":"2025-08-19T14:11:32","slug":"apres-la-dictature-franquiste-en-espagne-le-silence-insoutenable","status":"publish","type":"post","link":"https:\/\/retirada37.com\/?p=18869","title":{"rendered":"APRES LA DICTATURE FRANQUISTE EN ESPAGNE : LE SILENCE  INSOUTENABLE !"},"content":{"rendered":"<p>\u00ab Apr\u00e8s Franco, la peur a \u00e9t\u00e9 remplac\u00e9e par le silence \u00bb : rencontre avec les auteurs de la BD \u00ab l\u2019Ab\u00eeme de l\u2019oubli \u00bb<\/p>\n<p>Le b\u00e9d\u00e9iste Paco Roca et le journaliste Rodrigo Terrasa signent \u00ab l\u2019Ab\u00eeme de l\u2019oubli \u00bb, roman graphique sur la qu\u00eate des familles des victimes de la dictature franquiste encore ensevelies dans les fosses communes.<\/p>\n<p><a href=\"https:\/\/retirada37.com\/wp-content\/uploads\/2025\/08\/489533718_1106592104831701_4905264399103714615_n.jpg\"><img loading=\"lazy\" decoding=\"async\" src=\"https:\/\/retirada37.com\/wp-content\/uploads\/2025\/08\/489533718_1106592104831701_4905264399103714615_n.jpg\" alt=\"\" width=\"810\" height=\"540\" class=\"alignnone size-full wp-image-18870\" srcset=\"https:\/\/retirada37.com\/wp-content\/uploads\/2025\/08\/489533718_1106592104831701_4905264399103714615_n.jpg 810w, https:\/\/retirada37.com\/wp-content\/uploads\/2025\/08\/489533718_1106592104831701_4905264399103714615_n-300x200.jpg 300w, https:\/\/retirada37.com\/wp-content\/uploads\/2025\/08\/489533718_1106592104831701_4905264399103714615_n-768x512.jpg 768w\" sizes=\"auto, (max-width: 810px) 100vw, 810px\" \/><\/a>Paco Roca (l\u2019illustrateur) et Rodrigo Terrasa (l\u2019auteur), le 27 janvier 2025, \u00e0 Paris, dans les locaux de la maison d\u2019\u00e9dition Delcourt.<\/p>\n<p>Malgr\u00e9 un d\u00e9dale d\u2019obstacles, l\u2019octog\u00e9naire Pepica Celda est parvenue \u00e0 faire exhumer son p\u00e8re, ex\u00e9cut\u00e9 par les franquistes en 1940 et jet\u00e9 dans une fosse commune du cimeti\u00e8re de Paterna (Valence). Un demi-si\u00e8cle apr\u00e8s la mort de Franco, des milliers d\u2019opposants politiques assassin\u00e9s hantent encore l\u2019Espagne. Dans un roman graphique touchant, le b\u00e9d\u00e9iste Paco Roca et le journaliste Rodrigo Terrasa retracent la qu\u00eate de Pepica dans un pays o\u00f9 la transition d\u00e9mocratique a confin\u00e9 \u00e0 l\u2019oubli les victimes de la dictature. On y d\u00e9couvre \u00e9galement Leoncio Badia, condamn\u00e9 \u00e0 \u00eatre fossoyeur et qui prendra soin des d\u00e9pouilles de ses compagnons d\u2019infortune. L\u2019Ab\u00eeme de l\u2019oubli est un \u00eelot d\u2019humanit\u00e9 et d\u2019intelligence dans un pays qui n\u2019a toujours pas sold\u00e9 les crimes franquistes.<\/p>\n<p>Votre ouvrage manie la microhistoire \u2013 Pepica Celda qui veut exhumer le corps de son p\u00e8re enfoui dans une fosse commune \u2013 et la macrohistoire, \u00e0 savoir les crimes de la dictature franquiste. Comment \u00eates-vous parvenus \u00e0 les faire cohabiter avec vos genres respectifs ?<\/p>\n<p>Paco Rosa, b\u00e9d\u00e9iste<\/p>\n<p>Avec Rodrigo Terrasa, nous cherchions un projet qui puisse faire cohabiter les deux genres, le journalisme et la bande dessin\u00e9e. La seule narration dramatique ne permet pas de nuances. Avec l\u2019histoire de Pepica, tout s\u2019embo\u00eetait : \u00e9mouvoir avec une narration et inviter \u00e0 la r\u00e9flexion gr\u00e2ce au discours journalistique qui nous permettait de d\u00e9velopper les id\u00e9es au-del\u00e0 de simples dialogues.<\/p>\n<p><strong>Rodrigo Terrasa<\/strong> Journaliste<\/p>\n","protected":false},"excerpt":{"rendered":"<p>\u00ab Apr\u00e8s Franco, la peur a \u00e9t\u00e9 remplac\u00e9e par le silence \u00bb : rencontre avec les auteurs de la BD \u00ab l\u2019Ab\u00eeme de l\u2019oubli \u00bb Le b\u00e9d\u00e9iste Paco Roca et le journaliste Rodrigo Terrasa signent \u00ab l\u2019Ab\u00eeme de l\u2019oubli \u00bb, roman graphique sur la qu\u00eate des familles des victimes de la dictature franquiste encore ensevelies &hellip; <a href=\"https:\/\/retirada37.com\/?p=18869\" class=\"more-link\">Continuer la lecture de <span class=\"screen-reader-text\">APRES LA DICTATURE FRANQUISTE EN ESPAGNE : LE SILENCE  INSOUTENABLE !<\/span>  <span class=\"meta-nav\">&rarr;<\/span><\/a><\/p>\n","protected":false},"author":3,"featured_media":0,"comment_status":"open","ping_status":"open","sticky":false,"template":"","format":"standard","meta":{"_bbp_topic_count":0,"_bbp_reply_count":0,"_bbp_total_topic_count":0,"_bbp_total_reply_count":0,"_bbp_voice_count":0,"_bbp_anonymous_reply_count":0,"_bbp_topic_count_hidden":0,"_bbp_reply_count_hidden":0,"_bbp_forum_subforum_count":0,"footnotes":""},"categories":[2],"tags":[],"class_list":["post-18869","post","type-post","status-publish","format-standard","hentry","category-actualites"],"_links":{"self":[{"href":"https:\/\/retirada37.com\/index.php?rest_route=\/wp\/v2\/posts\/18869","targetHints":{"allow":["GET"]}}],"collection":[{"href":"https:\/\/retirada37.com\/index.php?rest_route=\/wp\/v2\/posts"}],"about":[{"href":"https:\/\/retirada37.com\/index.php?rest_route=\/wp\/v2\/types\/post"}],"author":[{"embeddable":true,"href":"https:\/\/retirada37.com\/index.php?rest_route=\/wp\/v2\/users\/3"}],"replies":[{"embeddable":true,"href":"https:\/\/retirada37.com\/index.php?rest_route=%2Fwp%2Fv2%2Fcomments&post=18869"}],"version-history":[{"count":1,"href":"https:\/\/retirada37.com\/index.php?rest_route=\/wp\/v2\/posts\/18869\/revisions"}],"predecessor-version":[{"id":18871,"href":"https:\/\/retirada37.com\/index.php?rest_route=\/wp\/v2\/posts\/18869\/revisions\/18871"}],"wp:attachment":[{"href":"https:\/\/retirada37.com\/index.php?rest_route=%2Fwp%2Fv2%2Fmedia&parent=18869"}],"wp:term":[{"taxonomy":"category","embeddable":true,"href":"https:\/\/retirada37.com\/index.php?rest_route=%2Fwp%2Fv2%2Fcategories&post=18869"},{"taxonomy":"post_tag","embeddable":true,"href":"https:\/\/retirada37.com\/index.php?rest_route=%2Fwp%2Fv2%2Ftags&post=18869"}],"curies":[{"name":"wp","href":"https:\/\/api.w.org\/{rel}","templated":true}]}}