{"id":18835,"date":"2025-07-08T11:45:38","date_gmt":"2025-07-08T10:45:38","guid":{"rendered":"https:\/\/retirada37.com\/?p=18835"},"modified":"2025-07-08T11:45:38","modified_gmt":"2025-07-08T10:45:38","slug":"%f0%9f%8c%84-sucaina-dignite-et-memoire","status":"publish","type":"post","link":"https:\/\/retirada37.com\/?p=18835","title":{"rendered":"&#x1f304; Sucaina, dignit\u00e9 et m\u00e9moire"},"content":{"rendered":"<p>Ce dimanche nous avons particip\u00e9 au 4\u00e8me Hommage au combattants r\u00e9publicains \u00e0 Sucaina (Alt Millars), un acte plein d&rsquo;\u00e9motion, de conscience et d&rsquo;engagement pour la m\u00e9moire historique.<\/p>\n<p>Se souvenir de ceux qui ont lutt\u00e9 contre le fascisme n&rsquo;est pas seulement un devoir moral : c&rsquo;est un acte de justice. Nous sommes r\u00e9unis pour honorer les combattants libertaires, antifascistes et r\u00e9volutionnaires qui, avec courage et solidarit\u00e9, ont d\u00e9fendu la libert\u00e9 de tous <a href=\"https:\/\/retirada37.com\/wp-content\/uploads\/2025\/07\/515855677_1142305377916485_399204127985732997_n.jpg\"><img loading=\"lazy\" decoding=\"async\" src=\"https:\/\/retirada37.com\/wp-content\/uploads\/2025\/07\/515855677_1142305377916485_399204127985732997_n.jpg\" alt=\"\" width=\"600\" height=\"600\" class=\"alignnone size-full wp-image-18837\" srcset=\"https:\/\/retirada37.com\/wp-content\/uploads\/2025\/07\/515855677_1142305377916485_399204127985732997_n.jpg 600w, https:\/\/retirada37.com\/wp-content\/uploads\/2025\/07\/515855677_1142305377916485_399204127985732997_n-300x300.jpg 300w, https:\/\/retirada37.com\/wp-content\/uploads\/2025\/07\/515855677_1142305377916485_399204127985732997_n-150x150.jpg 150w\" sizes=\"auto, (max-width: 600px) 100vw, 600px\" \/><\/a><\/p>\n<p>&#x1f6d1; Il faut le dire clairement : les restes de la guerre civile ne sont pas des ressources touristiques. Ce sont des espaces de m\u00e9moire traumatisante, des lieux qui demandent respect, silence et p\u00e9dagogie. On ne peut pas banaliser la douleur ou transformer la barbarie en d\u00e9coration.<a href=\"https:\/\/retirada37.com\/wp-content\/uploads\/2025\/07\/516447811_1142305384583151_7447623374945881855_n.jpg\"><img loading=\"lazy\" decoding=\"async\" src=\"https:\/\/retirada37.com\/wp-content\/uploads\/2025\/07\/516447811_1142305384583151_7447623374945881855_n.jpg\" alt=\"\" width=\"600\" height=\"600\" class=\"alignnone size-full wp-image-18838\" srcset=\"https:\/\/retirada37.com\/wp-content\/uploads\/2025\/07\/516447811_1142305384583151_7447623374945881855_n.jpg 600w, https:\/\/retirada37.com\/wp-content\/uploads\/2025\/07\/516447811_1142305384583151_7447623374945881855_n-300x300.jpg 300w, https:\/\/retirada37.com\/wp-content\/uploads\/2025\/07\/516447811_1142305384583151_7447623374945881855_n-150x150.jpg 150w\" sizes=\"auto, (max-width: 600px) 100vw, 600px\" \/><\/a><\/p>\n<p>&#x1f4da; Pour cette raison, sans p\u00e9dagogie il n&rsquo;y a ni m\u00e9moire ni d\u00e9mocratie. Si nous n&rsquo;expliquons pas ce qui s&rsquo;est pass\u00e9, si nous ne mettons pas des noms, des voix et du contexte aux \u00e9v\u00e9nements, nous sommes condamn\u00e9s \u00e0 les r\u00e9p\u00e9ter. Ce n&rsquo;est qu&rsquo;avec une m\u00e9moire critique que nous pouvons construire un avenir juste.<\/p>\n<p>Merci aux organisations, famille et coll\u00e8gues qui rendent cet acte n\u00e9cessaire possible chaque ann\u00e9e. La m\u00e9moire est une tranch\u00e9e qui doit encore \u00eatre d\u00e9fendue.<a href=\"https:\/\/retirada37.com\/wp-content\/uploads\/2025\/07\/515941810_1142305374583152_9131292084268260014_n.jpg\"><img loading=\"lazy\" decoding=\"async\" src=\"https:\/\/retirada37.com\/wp-content\/uploads\/2025\/07\/515941810_1142305374583152_9131292084268260014_n.jpg\" alt=\"\" width=\"600\" height=\"600\" class=\"alignnone size-full wp-image-18839\" srcset=\"https:\/\/retirada37.com\/wp-content\/uploads\/2025\/07\/515941810_1142305374583152_9131292084268260014_n.jpg 600w, https:\/\/retirada37.com\/wp-content\/uploads\/2025\/07\/515941810_1142305374583152_9131292084268260014_n-300x300.jpg 300w, https:\/\/retirada37.com\/wp-content\/uploads\/2025\/07\/515941810_1142305374583152_9131292084268260014_n-150x150.jpg 150w\" sizes=\"auto, (max-width: 600px) 100vw, 600px\" \/><\/a><\/p>\n<p>&#x270a; Ni oublier ni pardonner. M\u00e9moire, dignit\u00e9 et combat.<a href=\"https:\/\/retirada37.com\/wp-content\/uploads\/2025\/07\/516842975_1142305381249818_6046782436214476262_n.jpg\"><img loading=\"lazy\" decoding=\"async\" src=\"https:\/\/retirada37.com\/wp-content\/uploads\/2025\/07\/516842975_1142305381249818_6046782436214476262_n.jpg\" alt=\"\" width=\"600\" height=\"600\" class=\"alignnone size-full wp-image-18840\" srcset=\"https:\/\/retirada37.com\/wp-content\/uploads\/2025\/07\/516842975_1142305381249818_6046782436214476262_n.jpg 600w, https:\/\/retirada37.com\/wp-content\/uploads\/2025\/07\/516842975_1142305381249818_6046782436214476262_n-300x300.jpg 300w, https:\/\/retirada37.com\/wp-content\/uploads\/2025\/07\/516842975_1142305381249818_6046782436214476262_n-150x150.jpg 150w\" sizes=\"auto, (max-width: 600px) 100vw, 600px\" \/><\/a><\/p>\n<p>#Mem\u00f2riaHist\u00f2rica #Sucaina #Monta\u00f1asDeLibertad #SensePedagogiaNoHiHaDemocr\u00e0cia #EspaisDeMem\u00f2ria #Antifeixisme<br \/>\n@montanasdelibertadzucaina<\/p>\n","protected":false},"excerpt":{"rendered":"<p>Ce dimanche nous avons particip\u00e9 au 4\u00e8me Hommage au combattants r\u00e9publicains \u00e0 Sucaina (Alt Millars), un acte plein d&rsquo;\u00e9motion, de conscience et d&rsquo;engagement pour la m\u00e9moire historique. Se souvenir de ceux qui ont lutt\u00e9 contre le fascisme n&rsquo;est pas seulement un devoir moral : c&rsquo;est un acte de justice. Nous sommes r\u00e9unis pour honorer les &hellip; <a href=\"https:\/\/retirada37.com\/?p=18835\" class=\"more-link\">Continuer la lecture de <span class=\"screen-reader-text\">&#x1f304; Sucaina, dignit\u00e9 et m\u00e9moire<\/span>  <span class=\"meta-nav\">&rarr;<\/span><\/a><\/p>\n","protected":false},"author":3,"featured_media":0,"comment_status":"open","ping_status":"open","sticky":false,"template":"","format":"standard","meta":{"_bbp_topic_count":0,"_bbp_reply_count":0,"_bbp_total_topic_count":0,"_bbp_total_reply_count":0,"_bbp_voice_count":0,"_bbp_anonymous_reply_count":0,"_bbp_topic_count_hidden":0,"_bbp_reply_count_hidden":0,"_bbp_forum_subforum_count":0,"footnotes":""},"categories":[15],"tags":[],"class_list":["post-18835","post","type-post","status-publish","format-standard","hentry","category-temoignages-et-recits"],"_links":{"self":[{"href":"https:\/\/retirada37.com\/index.php?rest_route=\/wp\/v2\/posts\/18835","targetHints":{"allow":["GET"]}}],"collection":[{"href":"https:\/\/retirada37.com\/index.php?rest_route=\/wp\/v2\/posts"}],"about":[{"href":"https:\/\/retirada37.com\/index.php?rest_route=\/wp\/v2\/types\/post"}],"author":[{"embeddable":true,"href":"https:\/\/retirada37.com\/index.php?rest_route=\/wp\/v2\/users\/3"}],"replies":[{"embeddable":true,"href":"https:\/\/retirada37.com\/index.php?rest_route=%2Fwp%2Fv2%2Fcomments&post=18835"}],"version-history":[{"count":1,"href":"https:\/\/retirada37.com\/index.php?rest_route=\/wp\/v2\/posts\/18835\/revisions"}],"predecessor-version":[{"id":18841,"href":"https:\/\/retirada37.com\/index.php?rest_route=\/wp\/v2\/posts\/18835\/revisions\/18841"}],"wp:attachment":[{"href":"https:\/\/retirada37.com\/index.php?rest_route=%2Fwp%2Fv2%2Fmedia&parent=18835"}],"wp:term":[{"taxonomy":"category","embeddable":true,"href":"https:\/\/retirada37.com\/index.php?rest_route=%2Fwp%2Fv2%2Fcategories&post=18835"},{"taxonomy":"post_tag","embeddable":true,"href":"https:\/\/retirada37.com\/index.php?rest_route=%2Fwp%2Fv2%2Ftags&post=18835"}],"curies":[{"name":"wp","href":"https:\/\/api.w.org\/{rel}","templated":true}]}}