{"id":18821,"date":"2025-06-14T03:00:14","date_gmt":"2025-06-14T02:00:14","guid":{"rendered":"https:\/\/retirada37.com\/?p=18821"},"modified":"2025-06-13T13:01:49","modified_gmt":"2025-06-13T12:01:49","slug":"la-maleta-mexicana","status":"publish","type":"post","link":"https:\/\/retirada37.com\/?p=18821","title":{"rendered":"La Maleta Mexicana"},"content":{"rendered":"<p>L\u2019association 24 ao\u00fbt 1944 vous invite<\/p>\n<p>\u00e0 la projection<\/p>\n<p>du documentaire :<\/p>\n<p>La Maleta Mexicana<\/p>\n<p>Un film de Trisha Ziff (2011, 86\u2019, VOST)<\/p>\n<p>le jeudi 26 juin 2025<\/p>\n<p>\u00e0 19h.<\/p>\n<p>Pour notre derni\u00e8re s\u00e9ance avant l\u2019\u00e9t\u00e9 :<\/p>\n<p>La Valise mexicaine est le nom que l\u2019on donne \u00e0 un ensemble de trois bo\u00eetes contenant environ 4 500 n\u00e9gatifs de photographies de la Guerre civile espagnole prises par Robert Capa, Gerda Taro et David Seymour.<\/p>\n<p>Les pellicules disparaissent \u00e0 Paris en 1939. Elles ont vraisemblablement \u00e9t\u00e9 rang\u00e9es dans les trois bo\u00eetes avant le d\u00e9part de David Seymour le 23 mai pour le Mexique \u00e0 bord du SS Sinaia, un navire embarquant des r\u00e9fugi\u00e9s espagnols. En octobre de la m\u00eame ann\u00e9e, Capa lui-m\u00eame part pour New York et laisse les n\u00e9gatifs dans son studio parisien du 37, rue Froidevaux, \u00e0 la garde d\u2019un compatriote hongrois, photographe \u00e9galement, Em\u00e9rico Weisz alias Csiki. Dans une lettre de 1975, Weisz d\u00e9clarera les avoir confi\u00e9s \u00e0 un Chilien rencontr\u00e9 dans la rue afin qu\u2019il d\u00e9pose le paquet \u00e0 son consulat. Leur trace se perd alors pendant plus d\u2019un demi-si\u00e8cle.<\/p>\n<p>C\u2019est en 1995, \u00e0 Mexico, lors d\u2019une exposition consacr\u00e9e \u00e0 la Guerre civile espagnole, que le cin\u00e9aste Benjamin Tarver adresse \u00e0 J\u00e9rald R. Green, professeur \u00e0 Queens College, une lettre contenant la description d\u00e9taill\u00e9e de deux mille images figurant dans une collection de n\u00e9gatifs h\u00e9rit\u00e9s de sa tante ; cette derni\u00e8re les a elle-m\u00eame re\u00e7us d\u2019un parent, le g\u00e9n\u00e9ral Aguilar Gonzalez, ambassadeur mexicain \u00e0 Vichy en 1941-1942.<\/p>\n<p>En 2006, l\u2019espoir d\u2019y retrouver le n\u00e9gatif de la c\u00e9l\u00e8bre photographie Mort d\u2019un soldat r\u00e9publicain, dont l\u2019authenticit\u00e9 fait pol\u00e9mique, pousse Richard Weelan, sp\u00e9cialiste de Capa, et Brian Wallis, conservateur en chef de l\u2019International Center of Photography, \u00e0 convaincre Tarver de les leur transmettre.<\/p>\n<p>Le contenu des trois bo\u00eetes peut alors \u00eatre inventori\u00e9 : la verte et la rouge contiennent du film enroul\u00e9 ; la troisi\u00e8me, brune, abrite des enveloppes refermant des pellicules coup\u00e9es. La collection compl\u00e8te est rendue en 2007 au fr\u00e8re de Robert Capa, Cornell ; Cynthia Young, conservatrice des Archives Robert et Cornell Capa, l\u2019a pr\u00e9sent\u00e9e au public dans une exposition internationale, The Mexican Suitcase. The Rediscovered Spanish Civil War Negatives of Capa, Chim and Taro, inaugur\u00e9e \u00e0 New York en septembre 2010.<\/p>\n<p>Et bien s\u00fbr toujours notre petite table de presse pour vous pr\u00e9senter nos ouvrages, et susciter votre soutien \u00e0 nos activit\u00e9s. Cette fois-ci nous aurons le grand plaisir de vous pr\u00e9senter le catalogue de notre exposition : R\u00e9publicains espagnols, premiers d\u00e9port\u00e9s de France et la FEDIP<\/p>\n<p>Le tout suivi d\u2019un d\u00e9bat.<\/p>\n<p><strong>Le jeudi 26 juin 2025 \u00e0 19h<\/p>\n<p>Paris\u2019Anim ; Centre Place des F\u00eates<\/p>\n<p>2\/4 rue des Lilas<\/p>\n<p>75019 Paris<\/p>\n<p>Entr\u00e9e gratuite<\/strong><\/p>\n<p>Pour ceux qui ont assist\u00e9 \u00e0 la derni\u00e8re projection sur Himmler, Didier, notre conf\u00e9rencier avait promis une liste d\u2019ouvrages \u00e0 lire sur le sujet. Vous la trouverez ci-joint. M\u00eame ceux qui n\u2019\u00e9taient pas l\u00e0 peuvent la consulter : <a href=\"https:\/\/www.24-aout-1944.org\/newsletter\/Livres-sur-les-nazis.pdf\">https:\/\/www.24-aout-1944.org\/newsletter\/Livres-sur-les-nazis.pdf<\/a><\/p>\n","protected":false},"excerpt":{"rendered":"<p>L\u2019association 24 ao\u00fbt 1944 vous invite \u00e0 la projection du documentaire : La Maleta Mexicana Un film de Trisha Ziff (2011, 86\u2019, VOST) le jeudi 26 juin 2025 \u00e0 19h. Pour notre derni\u00e8re s\u00e9ance avant l\u2019\u00e9t\u00e9 : La Valise mexicaine est le nom que l\u2019on donne \u00e0 un ensemble de trois bo\u00eetes contenant environ 4 &hellip; <a href=\"https:\/\/retirada37.com\/?p=18821\" class=\"more-link\">Continuer la lecture de <span class=\"screen-reader-text\">La Maleta Mexicana<\/span>  <span class=\"meta-nav\">&rarr;<\/span><\/a><\/p>\n","protected":false},"author":3,"featured_media":0,"comment_status":"open","ping_status":"open","sticky":false,"template":"","format":"standard","meta":{"_bbp_topic_count":0,"_bbp_reply_count":0,"_bbp_total_topic_count":0,"_bbp_total_reply_count":0,"_bbp_voice_count":0,"_bbp_anonymous_reply_count":0,"_bbp_topic_count_hidden":0,"_bbp_reply_count_hidden":0,"_bbp_forum_subforum_count":0,"footnotes":""},"categories":[2,15],"tags":[],"class_list":["post-18821","post","type-post","status-publish","format-standard","hentry","category-actualites","category-temoignages-et-recits"],"_links":{"self":[{"href":"https:\/\/retirada37.com\/index.php?rest_route=\/wp\/v2\/posts\/18821","targetHints":{"allow":["GET"]}}],"collection":[{"href":"https:\/\/retirada37.com\/index.php?rest_route=\/wp\/v2\/posts"}],"about":[{"href":"https:\/\/retirada37.com\/index.php?rest_route=\/wp\/v2\/types\/post"}],"author":[{"embeddable":true,"href":"https:\/\/retirada37.com\/index.php?rest_route=\/wp\/v2\/users\/3"}],"replies":[{"embeddable":true,"href":"https:\/\/retirada37.com\/index.php?rest_route=%2Fwp%2Fv2%2Fcomments&post=18821"}],"version-history":[{"count":1,"href":"https:\/\/retirada37.com\/index.php?rest_route=\/wp\/v2\/posts\/18821\/revisions"}],"predecessor-version":[{"id":18822,"href":"https:\/\/retirada37.com\/index.php?rest_route=\/wp\/v2\/posts\/18821\/revisions\/18822"}],"wp:attachment":[{"href":"https:\/\/retirada37.com\/index.php?rest_route=%2Fwp%2Fv2%2Fmedia&parent=18821"}],"wp:term":[{"taxonomy":"category","embeddable":true,"href":"https:\/\/retirada37.com\/index.php?rest_route=%2Fwp%2Fv2%2Fcategories&post=18821"},{"taxonomy":"post_tag","embeddable":true,"href":"https:\/\/retirada37.com\/index.php?rest_route=%2Fwp%2Fv2%2Ftags&post=18821"}],"curies":[{"name":"wp","href":"https:\/\/api.w.org\/{rel}","templated":true}]}}