{"id":18811,"date":"2025-06-07T08:21:39","date_gmt":"2025-06-07T07:21:39","guid":{"rendered":"https:\/\/retirada37.com\/?p=18811"},"modified":"2025-06-04T18:25:53","modified_gmt":"2025-06-04T17:25:53","slug":"le-catalogue-de-lexposition-est-paru-les-republicains-espagnols-premiers-deportes-de-france-la-fedip","status":"publish","type":"post","link":"https:\/\/retirada37.com\/?p=18811","title":{"rendered":"Le catalogue de l&rsquo;exposition est paru : Les R\u00e9publicains espagnols  premiers d\u00e9port\u00e9s de France  &#038;  La FEDIP"},"content":{"rendered":"<p><a href=\"https:\/\/retirada37.com\/wp-content\/uploads\/2025\/06\/683bc3cd7e455-scaled.jpg\"><img loading=\"lazy\" decoding=\"async\" src=\"https:\/\/retirada37.com\/wp-content\/uploads\/2025\/06\/683bc3cd7e455-scaled.jpg\" alt=\"\" width=\"2560\" height=\"1800\" class=\"alignnone size-full wp-image-18812\" srcset=\"https:\/\/retirada37.com\/wp-content\/uploads\/2025\/06\/683bc3cd7e455-scaled.jpg 2560w, https:\/\/retirada37.com\/wp-content\/uploads\/2025\/06\/683bc3cd7e455-300x211.jpg 300w, https:\/\/retirada37.com\/wp-content\/uploads\/2025\/06\/683bc3cd7e455-1024x720.jpg 1024w, https:\/\/retirada37.com\/wp-content\/uploads\/2025\/06\/683bc3cd7e455-768x540.jpg 768w, https:\/\/retirada37.com\/wp-content\/uploads\/2025\/06\/683bc3cd7e455-1536x1080.jpg 1536w, https:\/\/retirada37.com\/wp-content\/uploads\/2025\/06\/683bc3cd7e455-2048x1440.jpg 2048w\" sizes=\"auto, (max-width: 2560px) 100vw, 2560px\" \/><\/a><\/p>\n<p>Durant la Seconde Guerre mondiale, il y eut pr\u00e8s de 10.000 R\u00e9publicain(e)s espagnol(e)s d\u00e9port\u00e9(e)s dans les camps nazis. Ils y subirent les traitements inhumains r\u00e9serv\u00e9s aux d\u00e9port\u00e9s qui ne devaient pas sortir vivants de ces camps. Il y en eut dans tous les camps : Auschwitz, Dachau, Buchenwald, Neuengamme, Oranienburg, Stutthof, (Pologne) Natzwiller-Le Struthof (Alsace), Sachsenhausen, Ravensbr\u00fcck, Mauthausen et tous leurs kommandos\u2026<\/p>\n<p>Nous avons choisi pour parler de leur d\u00e9portation d\u2019\u00e9voquer le camp de Ravensbr\u00fcck car c\u2019\u00e9tait la destination principale des femmes d\u00e9port\u00e9es dont les Espagnoles.<\/p>\n<p>Et celui de Mauthausen pour les hommes espagnols. Ce camp est commun\u00e9ment appel\u00e9 camp des Espagnols puisque ce sont eux qui l\u2019on construit dans sa forme d\u00e9finitive. Dans nul autre camp qu\u2019\u00e0 Mauthausen, les Espagnols n\u2019ont pu se constituer en groupe. Ils y sont trop diss\u00e9min\u00e9s parmi les autres nationalit\u00e9s. Souvent arr\u00eat\u00e9s en tant que r\u00e9sistants fran\u00e7ais, ils portent le triangle rouge des politiques et la lettre \u00ab F \u00bb de Fran\u00e7ais, tandis que d\u2019ao\u00fbt 1940 \u00e0 avril 1941 les Espagnols d\u00e9port\u00e9s sont massivement envoy\u00e9s \u00e0 Mauthausen. Ils y portent le triangle bleu des apatrides et la lettre \u00ab S \u00bb, pour Spanien. Ils y sont plus de 7200, seul 1\/3 en sort en mai 1945.<\/p>\n<p>Ils y constituent une v\u00e9ritable organisation clandestine de r\u00e9sistance, ils forcent l\u2019admiration des autres groupes nationaux par leur coh\u00e9sion et leur sens de la solidarit\u00e9.<\/p>\n<p>Edmond Michelet[1] dit \u00e0 leur propos :<\/p>\n<p>\u00ab<em> Les d\u00e9port\u00e9s peuvent diff\u00e9rer de point de vue dans le jugement qu\u2019ils portent sur les groupes nationaux \u00e9trangers. Mais tous sont d\u2019accord pour dire que les Espagnols r\u00e9ussirent le tour de force de faire l\u2019unanimit\u00e9 dans la sympathie et l\u2019admiration.<\/em> \u00bb<\/p>\n<p><strong>Le bon de commande<\/strong> :<a href=\"https:\/\/www.24-aout-1944.org\/newsletter\/BDC-Repu-Ep-deportes.pdf\"> https:\/\/www.24-aout-1944.org\/newsletter\/BDC-Repu-Ep-deportes.pdf<\/a><\/p>\n<p>[1] Edmond Michelet (1889-1970), un des cr\u00e9ateurs de \u00ab Combats \u00bb en 1941, chef r\u00e9gional des Mouvements unis de la r\u00e9sistance (MUR) en 1942, arr\u00eat\u00e9 par la Gestapo en f\u00e9vrier 1943, est d\u00e9port\u00e9 \u00e0 Dachau. Il sera compagnon de la lib\u00e9ration, et successivement ministre des Anciens combattants et Victimes de guerre (1958), puis ministre de la Justice (1959-1961). Membre du Conseil constitutionnel, il succ\u00e8de \u00e0 Andr\u00e9 Malraux en 1969 sous la pr\u00e9sidence de Pompidou, comme ministre des Affaires culturelles.<\/p>\n","protected":false},"excerpt":{"rendered":"<p>Durant la Seconde Guerre mondiale, il y eut pr\u00e8s de 10.000 R\u00e9publicain(e)s espagnol(e)s d\u00e9port\u00e9(e)s dans les camps nazis. Ils y subirent les traitements inhumains r\u00e9serv\u00e9s aux d\u00e9port\u00e9s qui ne devaient pas sortir vivants de ces camps. Il y en eut dans tous les camps : Auschwitz, Dachau, Buchenwald, Neuengamme, Oranienburg, Stutthof, (Pologne) Natzwiller-Le Struthof (Alsace), &hellip; <a href=\"https:\/\/retirada37.com\/?p=18811\" class=\"more-link\">Continuer la lecture de <span class=\"screen-reader-text\">Le catalogue de l&rsquo;exposition est paru : Les R\u00e9publicains espagnols  premiers d\u00e9port\u00e9s de France  &#038;  La FEDIP<\/span>  <span class=\"meta-nav\">&rarr;<\/span><\/a><\/p>\n","protected":false},"author":3,"featured_media":0,"comment_status":"open","ping_status":"open","sticky":false,"template":"","format":"standard","meta":{"_bbp_topic_count":0,"_bbp_reply_count":0,"_bbp_total_topic_count":0,"_bbp_total_reply_count":0,"_bbp_voice_count":0,"_bbp_anonymous_reply_count":0,"_bbp_topic_count_hidden":0,"_bbp_reply_count_hidden":0,"_bbp_forum_subforum_count":0,"footnotes":""},"categories":[2,14,15],"tags":[],"class_list":["post-18811","post","type-post","status-publish","format-standard","hentry","category-actualites","category-histoire","category-temoignages-et-recits"],"_links":{"self":[{"href":"https:\/\/retirada37.com\/index.php?rest_route=\/wp\/v2\/posts\/18811","targetHints":{"allow":["GET"]}}],"collection":[{"href":"https:\/\/retirada37.com\/index.php?rest_route=\/wp\/v2\/posts"}],"about":[{"href":"https:\/\/retirada37.com\/index.php?rest_route=\/wp\/v2\/types\/post"}],"author":[{"embeddable":true,"href":"https:\/\/retirada37.com\/index.php?rest_route=\/wp\/v2\/users\/3"}],"replies":[{"embeddable":true,"href":"https:\/\/retirada37.com\/index.php?rest_route=%2Fwp%2Fv2%2Fcomments&post=18811"}],"version-history":[{"count":2,"href":"https:\/\/retirada37.com\/index.php?rest_route=\/wp\/v2\/posts\/18811\/revisions"}],"predecessor-version":[{"id":18814,"href":"https:\/\/retirada37.com\/index.php?rest_route=\/wp\/v2\/posts\/18811\/revisions\/18814"}],"wp:attachment":[{"href":"https:\/\/retirada37.com\/index.php?rest_route=%2Fwp%2Fv2%2Fmedia&parent=18811"}],"wp:term":[{"taxonomy":"category","embeddable":true,"href":"https:\/\/retirada37.com\/index.php?rest_route=%2Fwp%2Fv2%2Fcategories&post=18811"},{"taxonomy":"post_tag","embeddable":true,"href":"https:\/\/retirada37.com\/index.php?rest_route=%2Fwp%2Fv2%2Ftags&post=18811"}],"curies":[{"name":"wp","href":"https:\/\/api.w.org\/{rel}","templated":true}]}}