{"id":18807,"date":"2025-06-05T08:15:03","date_gmt":"2025-06-05T07:15:03","guid":{"rendered":"https:\/\/retirada37.com\/?p=18807"},"modified":"2025-06-04T18:16:37","modified_gmt":"2025-06-04T17:16:37","slug":"gardiens-de-lheritage-transmettre-la-memoire-des-republicains-espagnols-en-bretagne","status":"publish","type":"post","link":"https:\/\/retirada37.com\/?p=18807","title":{"rendered":"Gardiens de l\u2019h\u00e9ritage, transmettre la m\u00e9moire des r\u00e9publicains espagnols en Bretagne."},"content":{"rendered":"<p>Dans ce long format, nous retra\u00e7ons l\u2019histoire m\u00e9connue de l\u2019exil espagnol en France, et plus particuli\u00e8rement en Bretagne, \u00e0 la suite du coup d\u2019\u00c9tat militaire du g\u00e9n\u00e9ral Franco en 1936. Ce soul\u00e8vement marque le d\u00e9but de la guerre civile espagnole, opposant les forces nationalistes aux r\u00e9publicains, souvent appel\u00e9s les \u00ab\u00a0Espagnols rouges\u00a0\u00bb.<\/p>\n<p>Apr\u00e8s la victoire de Franco en 1939 et l\u2019instauration de sa dictature, des centaines de milliers de r\u00e9fugi\u00e9s espagnols fuient vers la France. Des milliers d&rsquo;entre eux trouvent refuge en Bretagne, dans un exode dramatique et massif.<\/p>\n<p>Mais l\u2019espoir laisse rapidement place \u00e0 la pr\u00e9carit\u00e9 : internements, travaux forc\u00e9s\u2026 \u00c0 la veille de la Seconde Guerre mondiale, les r\u00e9fugi\u00e9s espagnols sont tour \u00e0 tour per\u00e7us comme une charge, puis exploit\u00e9s comme une main-d&rsquo;\u0153uvre essentielle \u00e0 l&rsquo;effort de guerre, notamment pour la construction des fortifications allemandes et de la base sous-marine de Brest.<\/p>\n<p>&#x1f3a5; \u00c0 travers des t\u00e9moignages de leurs enfants, des images d\u2019archives et une analyse historique, ce long format met en lumi\u00e8re le r\u00f4le oubli\u00e9 des Espagnols exil\u00e9s dans l\u2019histoire de la Bretagne et de la France en guerre.<\/p>\n<p>&#x1f4fa; Ce long format a \u00e9t\u00e9 r\u00e9alis\u00e9 par des \u00e9tudiants en troisi\u00e8me ann\u00e9e de journalisme \u00e0 l&rsquo;IUT de Lannion dans le cadre de leur formation. Il a \u00e9t\u00e9 diffus\u00e9 sur les cha\u00eenes locales T\u00e9b\u00e9o, T\u00e9b\u00e9sud et TV Rennes.<\/p>\n<blockquote><p><iframe loading=\"lazy\" width=\"560\" height=\"315\" src=\"https:\/\/www.youtube.com\/embed\/bJdWKvz0S-A?si=8hRbN4Cb-hD4mXi9\" title=\"YouTube video player\" frameborder=\"0\" allow=\"accelerometer; autoplay; clipboard-write; encrypted-media; gyroscope; picture-in-picture; web-share\" referrerpolicy=\"strict-origin-when-cross-origin\" allowfullscreen><\/iframe><\/p><\/blockquote>\n","protected":false},"excerpt":{"rendered":"<p>Dans ce long format, nous retra\u00e7ons l\u2019histoire m\u00e9connue de l\u2019exil espagnol en France, et plus particuli\u00e8rement en Bretagne, \u00e0 la suite du coup d\u2019\u00c9tat militaire du g\u00e9n\u00e9ral Franco en 1936. Ce soul\u00e8vement marque le d\u00e9but de la guerre civile espagnole, opposant les forces nationalistes aux r\u00e9publicains, souvent appel\u00e9s les \u00ab\u00a0Espagnols rouges\u00a0\u00bb. Apr\u00e8s la victoire de &hellip; <a href=\"https:\/\/retirada37.com\/?p=18807\" class=\"more-link\">Continuer la lecture de <span class=\"screen-reader-text\">Gardiens de l\u2019h\u00e9ritage, transmettre la m\u00e9moire des r\u00e9publicains espagnols en Bretagne.<\/span>  <span class=\"meta-nav\">&rarr;<\/span><\/a><\/p>\n","protected":false},"author":3,"featured_media":0,"comment_status":"open","ping_status":"open","sticky":false,"template":"","format":"standard","meta":{"_bbp_topic_count":0,"_bbp_reply_count":0,"_bbp_total_topic_count":0,"_bbp_total_reply_count":0,"_bbp_voice_count":0,"_bbp_anonymous_reply_count":0,"_bbp_topic_count_hidden":0,"_bbp_reply_count_hidden":0,"_bbp_forum_subforum_count":0,"footnotes":""},"categories":[2,14,4],"tags":[],"class_list":["post-18807","post","type-post","status-publish","format-standard","hentry","category-actualites","category-histoire","category-videos"],"_links":{"self":[{"href":"https:\/\/retirada37.com\/index.php?rest_route=\/wp\/v2\/posts\/18807","targetHints":{"allow":["GET"]}}],"collection":[{"href":"https:\/\/retirada37.com\/index.php?rest_route=\/wp\/v2\/posts"}],"about":[{"href":"https:\/\/retirada37.com\/index.php?rest_route=\/wp\/v2\/types\/post"}],"author":[{"embeddable":true,"href":"https:\/\/retirada37.com\/index.php?rest_route=\/wp\/v2\/users\/3"}],"replies":[{"embeddable":true,"href":"https:\/\/retirada37.com\/index.php?rest_route=%2Fwp%2Fv2%2Fcomments&post=18807"}],"version-history":[{"count":1,"href":"https:\/\/retirada37.com\/index.php?rest_route=\/wp\/v2\/posts\/18807\/revisions"}],"predecessor-version":[{"id":18808,"href":"https:\/\/retirada37.com\/index.php?rest_route=\/wp\/v2\/posts\/18807\/revisions\/18808"}],"wp:attachment":[{"href":"https:\/\/retirada37.com\/index.php?rest_route=%2Fwp%2Fv2%2Fmedia&parent=18807"}],"wp:term":[{"taxonomy":"category","embeddable":true,"href":"https:\/\/retirada37.com\/index.php?rest_route=%2Fwp%2Fv2%2Fcategories&post=18807"},{"taxonomy":"post_tag","embeddable":true,"href":"https:\/\/retirada37.com\/index.php?rest_route=%2Fwp%2Fv2%2Ftags&post=18807"}],"curies":[{"name":"wp","href":"https:\/\/api.w.org\/{rel}","templated":true}]}}