{"id":18793,"date":"2025-05-15T10:31:01","date_gmt":"2025-05-15T09:31:01","guid":{"rendered":"http:\/\/retirada37.com\/?p=18793"},"modified":"2025-05-14T13:33:12","modified_gmt":"2025-05-14T12:33:12","slug":"notre-association-fete-en-2025-ses-10-ans-et-revient-ainsi-sur-sa-propre-memoire","status":"publish","type":"post","link":"https:\/\/retirada37.com\/?p=18793","title":{"rendered":"Notre association f\u00eate en 2025 ses 10 ans et revient ainsi sur sa propre m\u00e9moire."},"content":{"rendered":"<p>ASSEMBLEE  GENERALE  de  RETIRADA 37<br \/>\nDu  6  MARS  2025  au Ch\u00e2teau du PLESSIS  \u00e0  LA  RICHE<\/p>\n<p>10 ans d\u2019activit\u00e9s m\u00e9morielles, solidaires, antifascistes.<br \/>\n10 ans de vie, qui n\u2019ont pas toujours \u00e9t\u00e9 un long fleuve tranquille.<br \/>\n10 ans de d\u00e9bats entre nous, avec les autres, toujours enrichissants. <\/p>\n<p>Comme beaucoup d\u2019associations nous avons souffert en 2020  de la pand\u00e9mie du Covid de laquelle nombre d\u2019entre elles ne se sont pas relev\u00e9es.<br \/>\nNous sommes toujours l\u00e0, certes affaiblis, mais toujours l\u00e0.  <\/p>\n<p>La guerre d\u2019Espagne, la Retirada, la deuxi\u00e8me guerre mondiale, la vie en France des r\u00e9fugi\u00e9s politiques mais aussi celle de leurs enfants, dont nous sommes pour beaucoup d\u2019entre nous,  sont les sujets historiques qui sous-tendent l\u2019activit\u00e9 de notre association.<br \/>\nEt ces sujets ne sont pas des sujets ordinaires, leurs liens avec l\u2019Histoire, la politique, les questions philosophiques et religieuses sont empreints souvent de violences, d\u2019exclusion de l\u2019autre, d\u2019inimiti\u00e9s entre familles, fruits de cette guerre pas tout \u00e0 fait comme les autres.<br \/>\nNotre association s\u2019est construite pendant ces 10 ans  sur ces p\u00e9riodes troubl\u00e9es, sur ces id\u00e9ologies progressistes qui au lieu de converger ont diverg\u00e9, et ont permis ainsi la victoire du fascisme et sa dictature pendant 40 ans, sur ces plaies toujours ouvertes, sur ces guerres fratricides v\u00e9cues par nos parents mais aussi et surtout avec la volont\u00e9 de leurs enfants mais aussi d\u2019amis de ces combattants antifascistes de reconstruire des liens non pas pour effacer les diff\u00e9rences mais pour les reconna\u00eetre et trouver si n\u00e9cessaire des points de convergences pour combattre le fascisme qui aujourd\u2019hui r\u00e9appara\u00eet avec force dans le monde. <\/p>\n<p>Notre devise<br \/>\n\u00ab faire vivre les m\u00e9moires et les valeurs des R\u00e9publicains espagnols exil\u00e9s \u00bb,<br \/>\nla matrice de ce qui nous a construit  reste aujourd\u2019hui le moteur qui nous permet d\u2019exister en tant qu\u2019association. <\/p>\n<p>Fid\u00e8les \u00e0 cette devise nous avons su faire de nos diff\u00e9rences une  richesse, qui au cours des ann\u00e9es a permis de construire \u00e9galement des amiti\u00e9s, a priori improbables mais bien r\u00e9elles aujourd\u2019hui.<\/p>\n<p><strong>Comment a commenc\u00e9 \u00e0 vivre Retirada37  en 2015 ?  <\/strong><\/p>\n<p>Quelles ont \u00e9t\u00e9 les premi\u00e8res manifestations publiques ? <\/p>\n<p>D\u2019abord sur le net le 7 f\u00e9vrier 2015 avec en premi\u00e8re page de notre site Retirada 37  une pr\u00e9sence de notre association sur radio B\u00e9ton dans l\u2019\u00e9mission \u00ab Demain Le Grand Soir \u00bb, un documentaire de Label Histoire sur Noirlac dans le Cher  o\u00f9 s\u00e9journ\u00e8rent des r\u00e9fugi\u00e9s espagnols,  avec une interview de Cali qui rappelle ses souvenirs d\u2019enfance.<br \/>\nUne premi\u00e8re page qui en a suscit\u00e9 51 autres au cours de ces 10 ans d\u2019existence. Sur cette premi\u00e8re page nous mettions l\u2019accent sur l\u2019implication citoyenne pour faire vivre Retirada37<\/p>\n<p>\u00ab Enfin, nous voici sur notre site Retirada37, et cela 24 heures apr\u00e8s la r\u00e9union du petit groupe qui s\u2019est constitu\u00e9 pour le mettre en oeuvre.<br \/>\nNous en ferons ce que nous d\u00e9ciderons ensemble.<br \/>\nPour le faire vivre nous devons \u00eatre plus nombreux, plus actifs, plus cr\u00e9atifs.<br \/>\nC\u2019est pourquoi nous vous invitons le 12 mars \u00e0 18h \u00e0 l\u2019Espace Chabrier pour faire un point sur toutes les questions que nous avons \u00ab sur le grill \u00bb.<br \/>\nEnsuite nous participerons \u00e0 une journ\u00e9e de formation le 27 mars entre 17 heures et 20 heures pour que nous soyons tous au m\u00eame niveau d\u2019information.<br \/>\nC\u2019est \u00e0 cette seule condition que Retirada37 trouvera son d\u00e9veloppement sur le web.<br \/>\nIl faut nous convaincre que ce n\u2019est pas une affaire de sp\u00e9cialiste mais seulement une implication citoyenne et r\u00e9publicaine. \u00bb<\/p>\n<p>Notre premi\u00e8re action publique a \u00e9t\u00e9 sur La Nueve, gr\u00e2ce \u00e0 Mar Y Luz, fille de combattant de la Nueve,  qui nous permettait d\u2019accueillir le 21 avril 2015 Evelyn Mesquida venue nous pr\u00e9senter son livre.<br \/>\nNotre association entamait ainsi un long cycle de conf\u00e9rences, de films, de d\u00e9bats autour de la Retirada, mais pas seulement.<\/p>\n<p>Elle s\u2019engageait sur le plan culturel puisqu\u2019une de ses premi\u00e8res prises de position fut de soutenir le Plessis Th\u00e9\u00e2tre le 7 juin 2015 : avec un Communiqu\u00e9 de l\u2019association RETIRADA 37 :\u00ab Le CA de l\u2019association Retirada 37, dont le but est de faire vivre les m\u00e9moires et les valeurs des R\u00e9publicains espagnols exil\u00e9s, a d\u00e9cid\u00e9 unanimement le jeudi 4 juin 2015 d\u2019adh\u00e9rer au Comit\u00e9 de soutien du Plessis-Th\u00e9\u00e2tre Gabriel Monnet.<br \/>\n  L\u2019association Retirada 37 a trouv\u00e9 aupr\u00e8s de la Compagnie soutien et coop\u00e9ration pour construire un \u00e9v\u00e9nement artistique, m\u00e9moriel et convivial le 20 novembre 2015 afin de comm\u00e9morer le 40\u00e8me anniversaire de la fin du dictateur Franco et l\u2019espoir pour de nombreux R\u00e9publicains espagnols exil\u00e9s d\u2019un retour \u00e0 la d\u00e9mocratie.<br \/>\n  Retirada 37 compte parmi ses valeurs celles de l\u2019\u00e9ducation populaire, de la d\u00e9mocratie culturelle, de la promotion des d\u00e9couvertes artistiques, du partage, de l\u2019accueil qui sont \u00e9galement celles de la Compagnie Jos\u00e9 Manuel Cano Lopez.<br \/>\n  Le CA de Retirada 37 estime donc n\u00e9cessaire de reconsid\u00e9rer la baisse de subvention et de maintenir au Plessis le projet de la Compagnie, dans ce lieu o\u00f9 elle a su unir ses valeurs, ses cr\u00e9ations, ses multiples actions artistiques et l\u2019\u00e2me de ce lieu qu\u2019elle a d\u2019ailleurs aid\u00e9 \u00e0 sauvegarder. \u00bb<\/p>\n<p>Retirada 37 \u00e0 travers son site, ce ne sont pas seulement des r\u00e9f\u00e9rences historiques, ce sont aussi des po\u00e8mes, des musiques, des chansons.<br \/>\nNos m\u00e9moires plurielles, sont des m\u00e9moires empreintes de valeurs celles de l\u2019\u00e9ducation populaire et de la d\u00e9mocratie culturelle comme nous le disions dans un communiqu\u00e9 le 7 juin 2015.<br \/>\n Notre association prenait ainsi la voie du combat et de la r\u00e9sistance aux atteintes \u00e0 la libert\u00e9 d\u2019expression qui fut bafou\u00e9e pendant 40 ans de dictature. Et le 9 septembre 2015 nous recevions un message depuis Viznar pour l\u2019hommage \u00e0 Federico Garcia Lorca  de Jose Manuel pr\u00e9sent sur ces lieux.<br \/>\n   \u00ab Bonjour les ami(e)s de la Retirada 37,<br \/>\njuste un petit salut amical pour vous dire que j\u2019ai beaucoup pens\u00e9 \u00e0 vous tous hier soir dans le Parc Federico Garcia Lorca \u00e0 Viznar au cours de l\u2019hommage qui lui \u00e9tait rendu (\u00e0 lui et \u00e0 tous les \u00ab desaparecidos \u00bb) pour le 79 anniversaire de son assassinat.<br \/>\nDes prises de paroles tr\u00e8s fortes et un r\u00e9cital vibrant et sobre de Sol\u00e9a Morente (une des filles du grand Enrique) tout pr\u00e8s des centaines de corps toujours enfouis dans ses montes pr\u00e8s de Granada. Il a beaucoup \u00e9t\u00e9 question, bien s\u00fbr, de tout ce qui nous unit.<br \/>\nUn abrazo a todos y a todas.<br \/>\n                         Jos\u00e9 Manuel Cano Lopez  \u00bb<\/p>\n<p>Le 20 novembre Jose Manuel mettait en sc\u00e8ne des textes \u00e9crits par Quinze membres de Retirada 37 qui lui \u00e9taient confi\u00e9s ces \u00ab fragments de leur m\u00e9moire \u00bb. Un \u00ab collage \u00bb de ces textes fut mis en voix  par des acteurs de la Compagnie. <\/p>\n<p><strong>Un moment d\u2019\u00e9motion au Plessis Th\u00e9\u00e2tre.<\/strong> <\/p>\n<p>Une semaine apr\u00e8s notre ami le journaliste espagnol Paco Audije venait nous faire part de son exp\u00e9rience de vie personnelle sur la transition \u00e0 La Riche.<\/p>\n<p>Telle fut cette premi\u00e8re ann\u00e9e qui fut suivie de neuf autres o\u00f9 \u00e0 chaque fois les m\u00e9moires furent r\u00e9activ\u00e9es pour que nos m\u00e8res, nos p\u00e8res, nos s\u0153urs, nos fr\u00e8res, nos amis puissent \u00eatre honor\u00e9es de la plus belle fa\u00e7on. <\/p>\n<p>Des temps forts comme \u00e0 La Riche en 2016 pour l\u2019\u0153uvre r\u00e9formatrice de la R\u00e9publique espagnole et un premier accent sur la lutte des femmes, mises \u00e0 l\u2019honneur de multiples fois.<br \/>\nUn hommage non pas seulement \u00e0 des figures connues mais d\u2019autres plus locales comme en juin de cette ann\u00e9e l\u2019hommage \u00e0 Emilio Marco et ses compagnons de lutte \u00e0 la biblioth\u00e8que de Saint-Pierre-des-Corps.<br \/>\nEn septembre un moment tr\u00e8s fort avec la rencontre avec Genevi\u00e8ve Dreyfus Armand qui remplissait la biblioth\u00e8que de Saint-Pierre qui n\u2019avait jamais autant de monde. <\/p>\n<p>Notre pr\u00e9sence chaque 11 novembre pour le rassemblement anti-militariste devant l\u2019Universit\u00e9, voyait le drapeau Retirada37 flotter.<\/p>\n<p>Notre activit\u00e9 avec le CNP  au Studio en f\u00e9vrier 2017 commen\u00e7ait avec un film : Histoires et m\u00e9moires manipul\u00e9es&#8230;et aujourd\u2019hui ?<br \/>\nAnim\u00e9e par Anne Jollet puis en mars au CNP, avec Les femmes dans les luttes arm\u00e9es, avec Edouard Sill, un autre habitu\u00e9 de nos activit\u00e9s. <\/p>\n<p>Jean-Michel Rodrigo nous pr\u00e9sentait en juin son film sur Federica Montseny.<br \/>\nLes femmes encore \u00e0 l\u2019honneur avec Les conditions d\u2019\u00e9mancipation de celles-ci : le rapport entre politique et religieux en septembre. <\/p>\n<p>Un grand \u00e9v\u00e8nement se d\u00e9roula \u00e0 Saint-Pierre-des-Corps en janvier et f\u00e9vrier 2018 avec l\u2019exposition sur les Brigades internationales, des conf\u00e9rences avec Edouard Sill, Jean Ortiz et un fabuleux concert avec  Serge Utge Royo dans un  Centre culturel archi-plein. <\/p>\n<p>Le prix Goncourt 2014 Lydie Salvayre nous faisait le plaisir de sa venue en avril 2018 pour son livre Pas pleurer.<br \/>\nEn septembre notre ami Luis Garrido venait nos raconter le p\u00e9riple de son p\u00e8re dans sa fuite \u00e0 travers l\u2019Espagne.<br \/>\nMar y Luz intervenait le 24 ao\u00fbt devant le jardin de la Nueve pour la Lib\u00e9ration de Paris.<br \/>\nEn d\u00e9cembre Jose Manuel nous pr\u00e9sentait le Romancero Gitano en hommage a Federico Garcia Lorca.<br \/>\n Le 12 f\u00e9vrier Enrique Lister le fils du c\u00e9l\u00e8bre G\u00e9n\u00e9ral r\u00e9publicain venait nous parler d l\u2019interdiction du Parti Communiste espagnol en France en 1950. <\/p>\n<p>Exposition Guernica \u00e0 La Riche en f\u00e9vrier 2019.<br \/>\nCarmen Negrin venait nous parler \u00e0 l\u2019Universit\u00e9 de Tours de son grand-p\u00e8re  Juan Negrin dernier pr\u00e9sident du gouvernement de la R\u00e9publique espagnole.<br \/>\nEn octobre une conf\u00e9rence sur les b\u00e9b\u00e9s vol\u00e9s avait lieu \u00e0 La M\u00e9daille.<br \/>\nLe 30 novembre Maelle Maugendre venait nous parler des femmes en exil \u00e0 la biblioth\u00e8que de Saint-Pierre.<br \/>\nLe 6 mars 2020 Jose Manuel nous pr\u00e9sentait de nouveau le Romancero des ombres.<br \/>\n11 Mars 2022 concierto para la memoria par Juan Francisco Ortiz \u00e0 la guitare et David Ortiz au violoncelle, magnifique prestation au Plessis devant une salle comble, des musiciens que Luis avait rencontr\u00e9 \u00e0 l\u2019hommage aux 13 Roses au cimeti\u00e8re de Madrid.<\/p>\n<p>Adios a Federico en avril 2022 par la compagnie de Jose Manuel.<br \/>\nAvril 2023 retour au Plessis avec d\u00e9sirs partag\u00e9s \u00e0 la m\u00e9moire des volontaires \u00e9trang\u00e8res et la solidarit\u00e9 internationale f\u00e9minine durant la guerre d\u2019Espagne, en \u00e9cho aux luttes d\u2019aujourd\u2019hui !<\/p>\n<p> Avec la projection du film Las mamas Belgas et la pr\u00e9sence d\u2019Edouard Sill.<br \/>\nTriste nouvelle le 23 juillet 2023 avec la disparition de Jean Ortiz,  notre ami,  dont restera grav\u00e9e sa verve et sa capacit\u00e9 \u00e0 nous passionner pour tous ces sujets qui sont les n\u00f4tres.<br \/>\nLe 2 d\u00e9cembre un bon d\u00e9bat \u00e0 La M\u00e9daille \u00e0 Saint-Pierre Raynal Pellicer et Titwane autour du r\u00e9cit illustr\u00e9 \u00ab Photographes de guerre. \u00bb<\/p>\n<p>En janvier 2024 notre association se pronon\u00e7ait contre la loi immigration en signant une p\u00e9tition et en participant \u00e0 la manifestation dans Tours o\u00f9 de nouveau flottait dans les rues le drapeau de Retirada37. <\/p>\n<p>Le 17 f\u00e9vrier 2024 Juan Francisco Ortiz revenait pour un concert m\u00e9morable au Plessis.<br \/>\nLe 6 avril 2024 Le Plessis accueillait le  magnifique et \u00e9mouvant spectacle Memorias lejanas par la compagnie Arsenika.<br \/>\nEn juin notre association signait la p\u00e9tition Ensemble contre l\u2019extr\u00eame droite.<\/p>\n<p> Dans le cadre du 80\u00e8me anniversaire de la Lib\u00e9ration notre association s\u2019inscrivait dans un collectif sur Saint-Pierre-des-Corps  pour honorer cette p\u00e9riode de R\u00e9sistance o\u00f9 les \u00e9trangers particip\u00e8rent et en particulier les Espagnols. <\/p>\n<p>L\u2019affiche Manouchian  a donn\u00e9 lieu \u00e0 une exposition au Centre Culturel et \u00e0 plusieurs manifestations et conf\u00e9rences o\u00f9 nous avons particip\u00e9. <\/p>\n<p>En d\u00e9cembre 2024 ce fut la premi\u00e8re manifestation de nos 10 ans avec une conf\u00e9rence d\u2019Anne Jollet sur l\u2019extr\u00eame droite et le magnifique spectacle de la P\u2019tite Rouge de Touraine et  du Comunero, plein de convivialit\u00e9 et d\u2019une ambiance chaleureuse, salle Jacques Villeret \u00e0 Tours. Une magnifique soir\u00e9e !<\/p>\n<p>En 2024, une page Facebook a \u00e9t\u00e9 cr\u00e9\u00e9e pour notre association (avec, pour l&rsquo;instant, 310 personnes qui le regardent).<\/p>\n<p>Le 1er mars \u00e0 La Riche Myrtille revenait pour nous faire part de l\u2019analyse des Gim\u00e9nologues sur la Retirada et comme \u00e0 son habitude de fa\u00e7on la plus rigoureuse et la plus plus fraternelle.<br \/>\nBelle journ\u00e9e \u00e0 La Riche rendant ainsi hommage \u00e0 ces anarchistes qui lutt\u00e8rent contre le franquisme. <\/p>\n<p>Tout ce rappel de ce que nous avons r\u00e9alis\u00e9, de ce que nous avons fait et non pas seulement de ce que nous avons dit est la preuve de la confirmation de nos orientations de d\u00e9part, dans nos \u00e9crits sur le site Retirada37.com  et dans les positionnements culturels et politiques au fil de nos 10 ans de notre association. <\/p>\n<p>Il est important de le rappeler, de le partager pour ne pas oublier la r\u00e9alit\u00e9 de nos initiatives.<br \/>\n      \u00ab Faire vivre les m\u00e9moires et les valeurs des R\u00e9publicains espagnols exil\u00e9s \u00bb <\/p>\n<p>Nous avons rempli notre mission, c\u2019est certain. Aurions-nous pu faire mieux, peut-\u00eatre&#8230; mais de tout ce que nous avons fait nous devons en \u00eatre fiers, tr\u00e8s fiers.<br \/>\nCela fait partie de notre d\u00e9bat sur les orientations. <\/p>\n<p>Les adh\u00e9rents du d\u00e9but ne sont pas tous l\u00e0, certains sont partis d\u2019autres nous ont rejoints.<br \/>\nIl y a eu des crises, avec des d\u00e9parts, mais nous les avons surmont\u00e9 avec tranquillit\u00e9, il y a eu  des p\u00e9riodes fastes et d\u2019autres moins fastes.<br \/>\nL\u2019important est de rester fid\u00e8les \u00e0 nos positions de principe et de les perp\u00e9tuer de la fa\u00e7on la plus conviviale possible.<\/p>\n<p>L\u2019arriv\u00e9e de la droite \u00e0 la municipalit\u00e9 de Saint-Pierre nous a port\u00e9 un coup. <\/p>\n<p>Notre relation avec la pr\u00e9c\u00e9dente municipalit\u00e9 nous a permis de r\u00e9aliser de belles expositions, de belles conf\u00e9rences, de beaux spectacles, et tout cela s\u2019est effondr\u00e9 d\u2019un seul coup.<br \/>\nLe maintien de notre relation avec Le Plessis et disons-le avec Jos\u00e9 Manuel nous a permis de rebondir avec succ\u00e8s.<br \/>\nD\u2019o\u00f9 l\u2019importance de multiplier les lieux et les villes pour organiser nos diff\u00e9rents \u00e9v\u00e8nements.<br \/>\nLe pire moment a \u00e9t\u00e9 surtout la p\u00e9riode du Covid qui nous a plomb\u00e9e  comme beaucoup d\u2019autres associations. N\u00e9anmoins, gr\u00e2ce \u00e0 notre site, nous avons pu maintenir un lien actif durant cette p\u00e9riode.<br \/>\nMais encore une fois nous nous sommes ressaisis et nous sommes encore l\u00e0. <\/p>\n<p>La question qui se pose \u00e0 nous aujourd\u2019hui est quelle orientation pour les prochaines ann\u00e9es, pour demain, pour nos 10 ans \u00e0 venir. <\/p>\n<p>La situation g\u00e9opolitique a chang\u00e9 par rapport \u00e0 2014 avec l\u2019\u00e9lection de Trump en 2024  et la mont\u00e9e de plus en plus forte des id\u00e9ologies fascistes, des pouvoirs d\u2019extr\u00eame droite dans le monde, et particuli\u00e8rement en Europe mais aussi de fa\u00e7on forte en Espagne et en France.<br \/>\nDans une interview au journal l\u2019Humanit\u00e9 l\u2019historien Johann Chapoutot  nous disait dans son dernier livre que ce sont \u00ab les lib\u00e9raux autoritaires qui ont port\u00e9 Hitler au pouvoir \u00bb un v\u00e9ritable r\u00e9quisitoire contre \u00ab l\u2019extr\u00eame centre \u00bb d\u2019hier et d\u2019aujourd\u2019hui qui imposent leurs politiques d\u2019aust\u00e9rit\u00e9 et de casse sociale et s\u2019accrochent au pouvoir malgr\u00e9 les d\u00e9convenues \u00e9lectorales, des classes dominantes qui refusent de partager les richesses, une extr\u00eame droite dont les th\u00e8mes sont impos\u00e9s dans l\u2019espace public par un magnat des m\u00e9dias. <\/p>\n<p>\u00ab Le soutien d\u2019Elon Musk aux extr\u00eames droites am\u00e9ricaine et europ\u00e9enne est \u00e9vident. Ses gestes et d\u00e9clarations s\u2019inscrivent dans un discours raciste, antis\u00e9mite, climatosceptique et transphobe. H\u00e9ritier de millionnaires sud-africains enrichis sous l\u2019apartheid, il perp\u00e9tue cet h\u00e9ritage. \u00bb <\/p>\n<p>Ces jours derniers  Steve Bannon renouvelait le m\u00eame salut nazi.<br \/>\nLes supp\u00f4ts fran\u00e7ais et espagnols de ces figures de l\u2019extr\u00eame droite  US font les m\u00eames choix de fond et empreignent les esprits de ces id\u00e9ologies naus\u00e9abondes.<\/p>\n<p> Nous ne pouvons ignorer ce qui se passe autour de nous comme ont pu le faire dans les ann\u00e9es 30  certains politiciens mais aussi beaucoup trop de personnes, laissant ainsi le champ libre \u00e0 la pire catastrophe humaine du XX\u00e8me si\u00e8cle. <\/p>\n<p>La deuxi\u00e8me guerre mondiale qui nous a \u00e9t\u00e9 enseign\u00e9 \u00e0 l\u2019\u00e9cole ne commence pas en 1939, mais bien en 1936 en Espagne o\u00f9 les forces nazies et mussoliniennes  venaient en appui de Franco pour briser la R\u00e9publique, le syst\u00e8me d\u00e9mocratique. <\/p>\n<p>La voie des \u00e9lections ne leur suffisant plus ce fut un coup d\u2019\u00c9tat qui fut n\u00e9cessaire pour mettre \u00e0 bas le syst\u00e8me en place.<br \/>\nC\u2019est ce qu\u2019affirmait r\u00e9cemment Steve Bannon en accompagnant son salut nazi de la mise \u00e0 bas de la d\u00e9mocratie Etats-unienne.<br \/>\nC\u2019est ce que soutiennent en France, Bardella et Le Pen avec le rassemblement national et en Espagne Abascal et ses amis de Vox.<br \/>\nC\u2019est ce que pr\u00f4nent les n\u00e9o-nazis de l\u2019AFD en Allemagne qui viennent de remporter un score historique avec plus de 20 % des voix en  f\u00e9vrier dernier. Il y a de quoi s\u2019inqui\u00e9ter !<\/p>\n<p><strong>Le danger est r\u00e9el. <\/strong><\/p>\n<p>Il y a 10 ans nous pouvions dire : les fascistes sont aux portes du pouvoir&#8230; aujourd\u2019hui nous pouvons affirmer qu\u2019ils sont pr\u00e9sents et bien l\u00e0 dans toutes les sph\u00e8res de la soci\u00e9t\u00e9, dans plusieurs gouvernements au niveau europ\u00e9en et leur id\u00e9ologie bien install\u00e9e dans les consciences.<br \/>\nC\u2019est pourquoi nous devons porter  nos projets  m\u00e9moriels, historiques avec autant de force que nos actions pour d\u00e9noncer les extr\u00eames droites. <\/p>\n<p>En  nous appuyant davantage sur l\u2019Histoire de cette p\u00e9riode pour mieux comprendre notre Histoire en construction.<br \/>\nMais aussi en questionnant les limites de nos d\u00e9mocraties repr\u00e9sentatives, qui n\u2019existent que par la d\u00e9l\u00e9gation de pouvoir, alors des aspirations contemporaines \u00e0 une d\u00e9mocratie plus directe se font de plus en plus pr\u00e9sente. <\/p>\n<p>Ces questionnements avaient d\u00e9j\u00e0 \u00e9t\u00e9 abord\u00e9s en 1936, notamment en Aragon ou en Catalogne, par les secteurs libertaires des r\u00e9publicains espagnols.<\/p>\n<p><strong>La militarisation galopante des Etats dans le monde pose aussi probl\u00e8me. <\/strong><\/p>\n<p>Outre les sommes colossales d\u00e9pens\u00e9es pour construire et entretenir des engins de mort, quel monde cela nous dessine-t-il ?<br \/>\nAnatole France, d\u00e9c\u00e9d\u00e9 en 1924, tout pr\u00e8s d\u2019ici, \u00e0 Saint-Cyr-sur-Loire, ne disait-il pas : \u00ab On croit mourir pour la patrie, on meurt pour les industriels ! \u00bb<br \/>\nNotre association doit entrer en r\u00e9sistance par rapport \u00e0 cette nouvelle situation, en organisant elle-m\u00eame des actions culturelles multiformes mais aussi en s\u2019associant avec les organisations syndicales, associatives, m\u00e9morielles, politiques qui \u0153uvrent contre le fascisme.<br \/>\nLe renforcement de cette orientation doit nous permettre de mieux<br \/>\n     \u00ab faire vivre les m\u00e9moires et les valeurs des R\u00e9publicains espagnols exil\u00e9s \u00bb <\/p>\n","protected":false},"excerpt":{"rendered":"<p>ASSEMBLEE GENERALE de RETIRADA 37 Du 6 MARS 2025 au Ch\u00e2teau du PLESSIS \u00e0 LA RICHE 10 ans d\u2019activit\u00e9s m\u00e9morielles, solidaires, antifascistes. 10 ans de vie, qui n\u2019ont pas toujours \u00e9t\u00e9 un long fleuve tranquille. 10 ans de d\u00e9bats entre nous, avec les autres, toujours enrichissants. Comme beaucoup d\u2019associations nous avons souffert en 2020 de &hellip; <a href=\"https:\/\/retirada37.com\/?p=18793\" class=\"more-link\">Continuer la lecture de <span class=\"screen-reader-text\">Notre association f\u00eate en 2025 ses 10 ans et revient ainsi sur sa propre m\u00e9moire.<\/span>  <span class=\"meta-nav\">&rarr;<\/span><\/a><\/p>\n","protected":false},"author":3,"featured_media":0,"comment_status":"open","ping_status":"open","sticky":false,"template":"","format":"standard","meta":{"_bbp_topic_count":0,"_bbp_reply_count":0,"_bbp_total_topic_count":0,"_bbp_total_reply_count":0,"_bbp_voice_count":0,"_bbp_anonymous_reply_count":0,"_bbp_topic_count_hidden":0,"_bbp_reply_count_hidden":0,"_bbp_forum_subforum_count":0,"footnotes":""},"categories":[2],"tags":[],"class_list":["post-18793","post","type-post","status-publish","format-standard","hentry","category-actualites"],"_links":{"self":[{"href":"https:\/\/retirada37.com\/index.php?rest_route=\/wp\/v2\/posts\/18793","targetHints":{"allow":["GET"]}}],"collection":[{"href":"https:\/\/retirada37.com\/index.php?rest_route=\/wp\/v2\/posts"}],"about":[{"href":"https:\/\/retirada37.com\/index.php?rest_route=\/wp\/v2\/types\/post"}],"author":[{"embeddable":true,"href":"https:\/\/retirada37.com\/index.php?rest_route=\/wp\/v2\/users\/3"}],"replies":[{"embeddable":true,"href":"https:\/\/retirada37.com\/index.php?rest_route=%2Fwp%2Fv2%2Fcomments&post=18793"}],"version-history":[{"count":1,"href":"https:\/\/retirada37.com\/index.php?rest_route=\/wp\/v2\/posts\/18793\/revisions"}],"predecessor-version":[{"id":18794,"href":"https:\/\/retirada37.com\/index.php?rest_route=\/wp\/v2\/posts\/18793\/revisions\/18794"}],"wp:attachment":[{"href":"https:\/\/retirada37.com\/index.php?rest_route=%2Fwp%2Fv2%2Fmedia&parent=18793"}],"wp:term":[{"taxonomy":"category","embeddable":true,"href":"https:\/\/retirada37.com\/index.php?rest_route=%2Fwp%2Fv2%2Fcategories&post=18793"},{"taxonomy":"post_tag","embeddable":true,"href":"https:\/\/retirada37.com\/index.php?rest_route=%2Fwp%2Fv2%2Ftags&post=18793"}],"curies":[{"name":"wp","href":"https:\/\/api.w.org\/{rel}","templated":true}]}}