{"id":18781,"date":"2025-04-30T10:55:54","date_gmt":"2025-04-30T09:55:54","guid":{"rendered":"http:\/\/retirada37.com\/?p=18781"},"modified":"2025-04-30T10:55:54","modified_gmt":"2025-04-30T09:55:54","slug":"recuerdos-la-retirada-37-diez-anos","status":"publish","type":"post","link":"https:\/\/retirada37.com\/?p=18781","title":{"rendered":"Recuerdos : la Retirada 37, diez a\u00f1os"},"content":{"rendered":"<p>  <strong>   vendredi 23 mai > 19h<\/strong><\/p>\n<p><a href=\"https:\/\/retirada37.com\/wp-content\/uploads\/2025\/04\/YAKjdlozPn6G.jpg\"><img loading=\"lazy\" decoding=\"async\" src=\"https:\/\/retirada37.com\/wp-content\/uploads\/2025\/04\/YAKjdlozPn6G.jpg\" alt=\"\" width=\"528\" height=\"362\" class=\"alignnone size-full wp-image-18782\" srcset=\"https:\/\/retirada37.com\/wp-content\/uploads\/2025\/04\/YAKjdlozPn6G.jpg 528w, https:\/\/retirada37.com\/wp-content\/uploads\/2025\/04\/YAKjdlozPn6G-300x206.jpg 300w\" sizes=\"auto, (max-width: 528px) 100vw, 528px\" \/><\/a><\/p>\n<p>La Retirada 37 qui a pour objectif de faire vivre les m\u00e9moires et les valeurs des R\u00e9publicains espagnols exil\u00e9s, c\u00e9l\u00e8bre ses 10 ans d&rsquo;existence. L&rsquo;association a tiss\u00e9 un partenariat fort avec la Compagnie JM Cano Lopez (\u00e9quipe en r\u00e9sidence permanente), puis avec le Plessis Tiers Lieu. Cette soir\u00e9e festive et engag\u00e9e reviendra sur les manifestations marquantes de cette collaboration, m\u00ealant passion, humanisme et \u00e9motion. <\/p>\n<p>________________<\/p>\n<p>Bar et restauration sur place<br \/>\nInformations et r\u00e9servation : 02.47.38.29.29<br \/>\nou info@plessis-tierslieu.fr <\/p>\n","protected":false},"excerpt":{"rendered":"<p>vendredi 23 mai > 19h La Retirada 37 qui a pour objectif de faire vivre les m\u00e9moires et les valeurs des R\u00e9publicains espagnols exil\u00e9s, c\u00e9l\u00e8bre ses 10 ans d&rsquo;existence. L&rsquo;association a tiss\u00e9 un partenariat fort avec la Compagnie JM Cano Lopez (\u00e9quipe en r\u00e9sidence permanente), puis avec le Plessis Tiers Lieu. Cette soir\u00e9e festive et &hellip; <a href=\"https:\/\/retirada37.com\/?p=18781\" class=\"more-link\">Continuer la lecture de <span class=\"screen-reader-text\">Recuerdos : la Retirada 37, diez a\u00f1os<\/span>  <span class=\"meta-nav\">&rarr;<\/span><\/a><\/p>\n","protected":false},"author":3,"featured_media":0,"comment_status":"open","ping_status":"open","sticky":false,"template":"","format":"standard","meta":{"_bbp_topic_count":0,"_bbp_reply_count":0,"_bbp_total_topic_count":0,"_bbp_total_reply_count":0,"_bbp_voice_count":0,"_bbp_anonymous_reply_count":0,"_bbp_topic_count_hidden":0,"_bbp_reply_count_hidden":0,"_bbp_forum_subforum_count":0,"footnotes":""},"categories":[2],"tags":[],"class_list":["post-18781","post","type-post","status-publish","format-standard","hentry","category-actualites"],"_links":{"self":[{"href":"https:\/\/retirada37.com\/index.php?rest_route=\/wp\/v2\/posts\/18781","targetHints":{"allow":["GET"]}}],"collection":[{"href":"https:\/\/retirada37.com\/index.php?rest_route=\/wp\/v2\/posts"}],"about":[{"href":"https:\/\/retirada37.com\/index.php?rest_route=\/wp\/v2\/types\/post"}],"author":[{"embeddable":true,"href":"https:\/\/retirada37.com\/index.php?rest_route=\/wp\/v2\/users\/3"}],"replies":[{"embeddable":true,"href":"https:\/\/retirada37.com\/index.php?rest_route=%2Fwp%2Fv2%2Fcomments&post=18781"}],"version-history":[{"count":1,"href":"https:\/\/retirada37.com\/index.php?rest_route=\/wp\/v2\/posts\/18781\/revisions"}],"predecessor-version":[{"id":18783,"href":"https:\/\/retirada37.com\/index.php?rest_route=\/wp\/v2\/posts\/18781\/revisions\/18783"}],"wp:attachment":[{"href":"https:\/\/retirada37.com\/index.php?rest_route=%2Fwp%2Fv2%2Fmedia&parent=18781"}],"wp:term":[{"taxonomy":"category","embeddable":true,"href":"https:\/\/retirada37.com\/index.php?rest_route=%2Fwp%2Fv2%2Fcategories&post=18781"},{"taxonomy":"post_tag","embeddable":true,"href":"https:\/\/retirada37.com\/index.php?rest_route=%2Fwp%2Fv2%2Ftags&post=18781"}],"curies":[{"name":"wp","href":"https:\/\/api.w.org\/{rel}","templated":true}]}}