{"id":18755,"date":"2025-03-10T10:00:36","date_gmt":"2025-03-10T09:00:36","guid":{"rendered":"http:\/\/retirada37.com\/?p=18755"},"modified":"2025-03-09T18:56:15","modified_gmt":"2025-03-09T17:56:15","slug":"demande-collective-de-mise-a-disposition-de-salles-gratuites","status":"publish","type":"post","link":"https:\/\/retirada37.com\/?p=18755","title":{"rendered":"Demande collective de mise \u00e0 disposition de salles gratuites"},"content":{"rendered":"<p>SOLIDAIRES 37, R\u00e9seau f\u00e9ministe 37, OST Tours, Collectif sant\u00e9 37 Notre sant\u00e9 en danger, <strong>Retirada 37<\/strong>, L\u2019Engrenage, Greenpeace, Tours Anti Fasciste, Collectif soutien Palestine 37<\/p>\n<p>18 rue de l\u2019Oiselet<\/p>\n<p>La Camusi\u00e8re<\/p>\n<p>37550 St AVERTIN<\/p>\n<p>Tel : 06 75 47 19 10<\/p>\n<p>Monsieur DENIS Emmanuel,<br \/>\nMaire de Tours<\/p>\n<p>Mairie de Tours<\/p>\n<p>1 \u00e0 3 rue des minimes<\/p>\n<p>37000 TOURS<\/p>\n<p>Saint avertin, le 24 f\u00e9vrier 2025<\/p>\n<p>OBJET : Demande de mise \u00e0 disposition de salles gratuites<\/p>\n<p>Monsieur le Maire,<\/p>\n<p>Par la pr\u00e9sente, nous sollicitons de votre bienveillance la mise \u00e0 disposition de salles municipales gratuites pour les organisations syndicales et associatives, qui luttent pour une justice sociale et la d\u00e9fense des travailleuses et des travailleurs. La mise \u00e0 disposition de ces salles gratuitement par votre mairie, nous permettrait ainsi de mener \u00e0 bien nos activit\u00e9s et de pouvoir proposer un accueil dans de bonnes conditions et facilement accessibles. Nous vous remercions de l&rsquo;attention que vous porterez \u00e0 notre requ\u00eate et nous nous tenons \u00e0 votre disposition pour vous rencontrer \u00e0 ce sujet. Dans l&rsquo;attente de vous lire, nous vous prions d&rsquo;agr\u00e9er, Monsieur le Maire, l&rsquo;expression de notre profond respect.<\/p>\n<p>Pour le collectif d\u2019organisations<\/p>\n<p>Cindy Laigneau<\/p>\n<p>C\u00e9cile Cogn\u00e9e<\/p>\n<p>Co-d\u00e9l\u00e9gu\u00e9es Solidaires 37<\/p>\n","protected":false},"excerpt":{"rendered":"<p>SOLIDAIRES 37, R\u00e9seau f\u00e9ministe 37, OST Tours, Collectif sant\u00e9 37 Notre sant\u00e9 en danger, Retirada 37, L\u2019Engrenage, Greenpeace, Tours Anti Fasciste, Collectif soutien Palestine 37 18 rue de l\u2019Oiselet La Camusi\u00e8re 37550 St AVERTIN Tel : 06 75 47 19 10 Monsieur DENIS Emmanuel, Maire de Tours Mairie de Tours 1 \u00e0 3 rue des &hellip; <a href=\"https:\/\/retirada37.com\/?p=18755\" class=\"more-link\">Continuer la lecture de <span class=\"screen-reader-text\">Demande collective de mise \u00e0 disposition de salles gratuites<\/span>  <span class=\"meta-nav\">&rarr;<\/span><\/a><\/p>\n","protected":false},"author":3,"featured_media":0,"comment_status":"open","ping_status":"open","sticky":false,"template":"","format":"standard","meta":{"_bbp_topic_count":0,"_bbp_reply_count":0,"_bbp_total_topic_count":0,"_bbp_total_reply_count":0,"_bbp_voice_count":0,"_bbp_anonymous_reply_count":0,"_bbp_topic_count_hidden":0,"_bbp_reply_count_hidden":0,"_bbp_forum_subforum_count":0,"footnotes":""},"categories":[2],"tags":[],"class_list":["post-18755","post","type-post","status-publish","format-standard","hentry","category-actualites"],"_links":{"self":[{"href":"https:\/\/retirada37.com\/index.php?rest_route=\/wp\/v2\/posts\/18755","targetHints":{"allow":["GET"]}}],"collection":[{"href":"https:\/\/retirada37.com\/index.php?rest_route=\/wp\/v2\/posts"}],"about":[{"href":"https:\/\/retirada37.com\/index.php?rest_route=\/wp\/v2\/types\/post"}],"author":[{"embeddable":true,"href":"https:\/\/retirada37.com\/index.php?rest_route=\/wp\/v2\/users\/3"}],"replies":[{"embeddable":true,"href":"https:\/\/retirada37.com\/index.php?rest_route=%2Fwp%2Fv2%2Fcomments&post=18755"}],"version-history":[{"count":1,"href":"https:\/\/retirada37.com\/index.php?rest_route=\/wp\/v2\/posts\/18755\/revisions"}],"predecessor-version":[{"id":18756,"href":"https:\/\/retirada37.com\/index.php?rest_route=\/wp\/v2\/posts\/18755\/revisions\/18756"}],"wp:attachment":[{"href":"https:\/\/retirada37.com\/index.php?rest_route=%2Fwp%2Fv2%2Fmedia&parent=18755"}],"wp:term":[{"taxonomy":"category","embeddable":true,"href":"https:\/\/retirada37.com\/index.php?rest_route=%2Fwp%2Fv2%2Fcategories&post=18755"},{"taxonomy":"post_tag","embeddable":true,"href":"https:\/\/retirada37.com\/index.php?rest_route=%2Fwp%2Fv2%2Ftags&post=18755"}],"curies":[{"name":"wp","href":"https:\/\/api.w.org\/{rel}","templated":true}]}}