{"id":18701,"date":"2025-01-13T17:08:08","date_gmt":"2025-01-13T16:08:08","guid":{"rendered":"http:\/\/retirada37.com\/?p=18701"},"modified":"2025-01-13T17:08:08","modified_gmt":"2025-01-13T16:08:08","slug":"un-petit-hommage-a-jordi","status":"publish","type":"post","link":"https:\/\/retirada37.com\/?p=18701","title":{"rendered":"Un petit hommage \u00e0 Jordi&#8230;"},"content":{"rendered":"<p>Je voudrais rendre un petit hommage \u00e0 Jordi qui est parti le le 26 d\u00e9cembre 2024. Il s\u2019agit de Jordi Gonzalbo , n\u00e9 \u00e0 Barcelone en 1930 et fils de fid\u00e8les engag\u00e9s et actifs dans la CNT pendant le conflit espagnol. En 1938, sa m\u00e8re d\u00e9cida, devant l\u2019intensit\u00e9 des bombardements sur Barcelone, d\u2019aller mettre ses enfants, Jordi et sa s\u0153ur, \u00e0 l\u2019abri de l\u2019autre c\u00f4t\u00e9 des Pyr\u00e9n\u00e9es, \u00e0 Perpignan o\u00f9 il vivra jusqu\u2019\u00e0 sa mort.<\/p>\n<p>Il a fait partie de ces enfants qui ont continu\u00e9 \u00e0 combattre le franquisme quand il eut atteint l\u2019\u00e2ge de s\u2019engager dans la CNT. Il combattra bien s\u00fbt toute forme de fascisme et se d\u00e9finissait comme un \u00ab passeur d\u2019espoir \u00bb.<\/p>\n<p>Jordi milita longtemps au sein d\u2019un groupe de jeunes libertaires. Il aimait avant tout la justice, n\u2019aimait pas le terme \u00ab chef \u00bb et avait m\u00eame refus\u00e9 ce titre qu\u2019un patron lui avait octroy\u00e9 car il \u00e9tait bon ouvrier. Son int\u00e9grit\u00e9 le poussa \u00e0 pr\u00e9f\u00e9rer d\u00e9missionner d\u2019un tel poste quand il se rendit compte de ce qu\u2019on lui demanda. Il pr\u00e9f\u00e9ra se mettre \u00e0 son compte et ne pas avoir d\u2019ouvriers sous ses ordres, m\u00eame si les rentr\u00e9es d\u2019argent n\u2019\u00e9taient pas importantes.<\/p>\n<p>Je n\u2019ai pas eu le temps de le conna\u00eetre vraiment mais en f\u00e9vrier 2024, je l\u2019ai crois\u00e9 lors des comm\u00e9morations ayant lieu chaque ann\u00e9e en f\u00e9vrier, \u00e0 Argel\u00e8s\/Mer, pour se souvenir de la Retirada de 1939. Un documentaire sur son parcours et celui d\u2019un de ses amis d\u2019enfance intitul\u00e9 \u00ab Il nous faut regarder \u00bb fut projet\u00e9 et \u00e0 la fin un d\u00e9bat avait lieu. Jordi \u00e9tait pr\u00e9sent mais affaibli. Par contre, il y avait une excellente gim\u00e9nologue que je reconnus pour l\u2019avoir d\u00e9j\u00e0 rencontr\u00e9e lors d\u2019une conf\u00e9rence, c\u2019est sa fille, Myrtille, qui fait un travail sans rel\u00e2che sur l\u2019anarchisme qui eut ses heures de gloire en Espagne, tout ce qu\u2019il a pu apporter de bon, principalement dans la r\u00e9gion aragonaise ou barcelonaise.<br \/>\nLe lendemain, je les ai revus lors du Salon du Livre, Jordi m\u2019a sembl\u00e9 un homme bon, juste, g\u00e9n\u00e9reux, cordial et affable.<\/p>\n<p>C\u2019est avec tristesse que j\u2019ai appris son d\u00e9part \u00e0 l\u2019aube de son 95\u00e8me anniversaire. Je lui adresse un adieu fraternel.<\/p>\n<p><strong>JM <\/strong><\/p>\n<p><a href=\"https:\/\/retirada37.com\/wp-content\/uploads\/2025\/01\/473256605_122135531780460949_7347987151353238830_n.jpg\"><img loading=\"lazy\" decoding=\"async\" src=\"https:\/\/retirada37.com\/wp-content\/uploads\/2025\/01\/473256605_122135531780460949_7347987151353238830_n.jpg\" alt=\"\" width=\"720\" height=\"407\" class=\"alignnone size-full wp-image-18702\" srcset=\"https:\/\/retirada37.com\/wp-content\/uploads\/2025\/01\/473256605_122135531780460949_7347987151353238830_n.jpg 720w, https:\/\/retirada37.com\/wp-content\/uploads\/2025\/01\/473256605_122135531780460949_7347987151353238830_n-300x170.jpg 300w\" sizes=\"auto, (max-width: 720px) 100vw, 720px\" \/><\/a><\/p>\n","protected":false},"excerpt":{"rendered":"<p>Je voudrais rendre un petit hommage \u00e0 Jordi qui est parti le le 26 d\u00e9cembre 2024. Il s\u2019agit de Jordi Gonzalbo , n\u00e9 \u00e0 Barcelone en 1930 et fils de fid\u00e8les engag\u00e9s et actifs dans la CNT pendant le conflit espagnol. En 1938, sa m\u00e8re d\u00e9cida, devant l\u2019intensit\u00e9 des bombardements sur Barcelone, d\u2019aller mettre ses &hellip; <a href=\"https:\/\/retirada37.com\/?p=18701\" class=\"more-link\">Continuer la lecture de <span class=\"screen-reader-text\">Un petit hommage \u00e0 Jordi&#8230;<\/span>  <span class=\"meta-nav\">&rarr;<\/span><\/a><\/p>\n","protected":false},"author":3,"featured_media":0,"comment_status":"open","ping_status":"open","sticky":false,"template":"","format":"standard","meta":{"_bbp_topic_count":0,"_bbp_reply_count":0,"_bbp_total_topic_count":0,"_bbp_total_reply_count":0,"_bbp_voice_count":0,"_bbp_anonymous_reply_count":0,"_bbp_topic_count_hidden":0,"_bbp_reply_count_hidden":0,"_bbp_forum_subforum_count":0,"footnotes":""},"categories":[2],"tags":[],"class_list":["post-18701","post","type-post","status-publish","format-standard","hentry","category-actualites"],"_links":{"self":[{"href":"https:\/\/retirada37.com\/index.php?rest_route=\/wp\/v2\/posts\/18701","targetHints":{"allow":["GET"]}}],"collection":[{"href":"https:\/\/retirada37.com\/index.php?rest_route=\/wp\/v2\/posts"}],"about":[{"href":"https:\/\/retirada37.com\/index.php?rest_route=\/wp\/v2\/types\/post"}],"author":[{"embeddable":true,"href":"https:\/\/retirada37.com\/index.php?rest_route=\/wp\/v2\/users\/3"}],"replies":[{"embeddable":true,"href":"https:\/\/retirada37.com\/index.php?rest_route=%2Fwp%2Fv2%2Fcomments&post=18701"}],"version-history":[{"count":1,"href":"https:\/\/retirada37.com\/index.php?rest_route=\/wp\/v2\/posts\/18701\/revisions"}],"predecessor-version":[{"id":18703,"href":"https:\/\/retirada37.com\/index.php?rest_route=\/wp\/v2\/posts\/18701\/revisions\/18703"}],"wp:attachment":[{"href":"https:\/\/retirada37.com\/index.php?rest_route=%2Fwp%2Fv2%2Fmedia&parent=18701"}],"wp:term":[{"taxonomy":"category","embeddable":true,"href":"https:\/\/retirada37.com\/index.php?rest_route=%2Fwp%2Fv2%2Fcategories&post=18701"},{"taxonomy":"post_tag","embeddable":true,"href":"https:\/\/retirada37.com\/index.php?rest_route=%2Fwp%2Fv2%2Ftags&post=18701"}],"curies":[{"name":"wp","href":"https:\/\/api.w.org\/{rel}","templated":true}]}}