{"id":18693,"date":"2025-01-04T14:52:52","date_gmt":"2025-01-04T13:52:52","guid":{"rendered":"http:\/\/retirada37.com\/?p=18693"},"modified":"2025-01-10T13:50:33","modified_gmt":"2025-01-10T12:50:33","slug":"lhistoire-peut-elle-se-repeter-puede-la-historia-repetirse","status":"publish","type":"post","link":"https:\/\/retirada37.com\/?p=18693","title":{"rendered":"L\u2019Histoire peut elle se r\u00e9p\u00e9ter\u00a0? Puede la Historia repetirse?"},"content":{"rendered":"<p>Bonjour mes  amis, camarades de lutte, int\u00e9ress\u00e9s par cette histoire v\u00e9cue par nos parents, nos grands-parents, pour les plus jeunes, et qui se r\u00e9p\u00e8te aujourd&rsquo;hui comme le raconte cet article d&rsquo;Emilien Urbach dans le journal \u00ab l&rsquo;Humanit\u00e9 \u00bb du vendredi 3 janvier,  que j&rsquo;ai traduit.<br \/>\nNotre association, RETIRADA37, cr\u00e9\u00e9e il y a 10 ans pour \u00ab\u00a0faire vivre les m\u00e9moires et les valeurs des r\u00e9publicains espagnols exil\u00e9s\u00a0\u00bb, a encore plus d&rsquo;importance aujourd&rsquo;hui par ce que vivent les exil\u00e9s qui quittent leurs terres africaines et viennent chercher leur vie en L&rsquo;Europe, en passant par les m\u00eames chemins dans  les Pyr\u00e9n\u00e9es. Avec eux, nous devons promouvoir la solidarit\u00e9 comme l\u2019ont fait \u00e0 d\u2019autres \u00e9poques les gens ordinaires qui ont accueilli les R\u00e9publicains sur cette m\u00eame fronti\u00e8re, d\u2019une mani\u00e8re si diff\u00e9rente de celle de l\u2019\u00c9tat fran\u00e7ais qui les a envoy\u00e9s dans les camps de concentration. Merci \u00e0 ce journaliste de l&rsquo;Humanit\u00e9 de nous rappeler aujourd&rsquo;hui ce qu&rsquo;ont v\u00e9cu tant d&rsquo;Espagnols en f\u00e9vrier 1939, comme mes parents et mon fr\u00e8re \u00e2g\u00e9 de quelques mois.<br \/>\n\u200b A la fronti\u00e8re espagnole la fraternit\u00e9  est bafou\u00e9e<br \/>\n\u200b \u00ab\u00a0Une femme soldat m\u2019a demand\u00e9 si j\u2019avais vu passer \u00ab\u00a0des marrons\u00a0\u00bb\u00a0\u00bb\u00a0: \u00e0 la fronti\u00e8re franco-espagnole la r\u00e9pression raciste envers les exil\u00e9s s\u2019intensifie<br \/>\nDans le village de Cerb\u00e8re, l\u2019accueil des exil\u00e9s arrivant par les voies de chemin de fer fait partie du quotidien des habitants. L\u2019intensification de la r\u00e9pression et des discours x\u00e9nophobes nuisent \u00e0 cette tradition h\u00e9rit\u00e9e de la r\u00e9sistance au franquisme<\/p>\n<p>\u00c9milien Urbach<\/p>\n<p>Publi\u00e9 le 2 janvier 2025<br \/>\nCerb\u00e8re (Pyr\u00e9n\u00e9es-Orientales), envoy\u00e9 Sp\u00e9cial.<br \/>\n\u00ab\u00a0Dans leur majorit\u00e9, les familles de ce village sont issues de r\u00e9fugi\u00e9s r\u00e9publicains espagnols. Les actes de solidarit\u00e9 avec les exil\u00e9s ont toujours \u00e9t\u00e9 consid\u00e9r\u00e9s comme normaux, mais depuis quelque temps la pression polici\u00e8re et la diffusion des id\u00e9es x\u00e9nophobes sont telles que ceux qui continuent d\u2019agir se cachent.\u00a0\u00bb\u00a0C\u2019est le constat que dresse Valentina*, membre du collectif Viva la costa, \u00e0 la fronti\u00e8re orientale\u00a0entre l\u2019Espagne et la France.<br \/>\nIci, les personnes qui tentent de passer pour demander l\u2019asile ou pour poursuivre leur route le font par le tunnel du chemin de fer qui relie Portbou, en Espagne, \u00e0 la premi\u00e8re gare fran\u00e7aise de Cerb\u00e8re. Selon les militants rencontr\u00e9s sur place, on y observe de plus en plus de refoulements ill\u00e9gaux. Les trains en provenance d\u2019Espagne sont syst\u00e9matiquement fouill\u00e9s par la police aux fronti\u00e8res (PAF) et la pr\u00e9sence militaire a \u00e9t\u00e9 renforc\u00e9e sur tous les sentiers jouxtant la voie ferr\u00e9e.<br \/>\n\u200b Quand il s\u2019agit d\u2019\u00e9trangers, la loi semble flexible<br \/>\n\u00ab\u00a0Sur le chemin qui m\u00e8ne chez moi, j\u2019ai r\u00e9cemment \u00e9t\u00e9 contr\u00f4l\u00e9e par une patrouille,\u00a0confie une personne \u00e9lue au conseil municipal, qui a pr\u00e9f\u00e9r\u00e9 conserver l\u2019anonymat.\u00a0Une femme soldat m\u2019a demand\u00e9 si j\u2019avais vu passer \u00ab\u00a0des marrons\u00a0\u00bb. J\u2019ai demand\u00e9 des explications sur le terme employ\u00e9 tout en sortant ma carte d\u2019\u00e9lu. Le chef de la patrouille, bien emb\u00eat\u00e9, a fait mettre ses hommes au garde-\u00e0-vous.\u00a0\u00bb<\/p>\n<p>L\u2019affaire est arriv\u00e9e aux oreilles du maire, divers gauche, du village qui a ensuite demand\u00e9 \u00e0 son \u00e9lu de\u00a0\u00ab\u00a0faire plus attention\u00a0\u00bb\u00a0\u00e0 ne pas mettre en d\u00e9faut les militaires. Quand il s\u2019agit d\u2019\u00e9trangers, la loi semble flexible.<br \/>\nAinsi, explique ce m\u00eame \u00e9lu,\u00a0\u00ab\u00a0deux jeunes exil\u00e9s qui attendaient tranquillement le bus en direction de Perpignan se sont r\u00e9cemment fait verbalement agresser par des jeunes habitants du village. Lorsque la police est intervenue, les deux exil\u00e9s ont \u00e9t\u00e9 interpell\u00e9s. Les jeunes, eux, visiblement en \u00e9tat d\u2019\u00e9bri\u00e9t\u00e9, n\u2019ont pas \u00e9t\u00e9 inqui\u00e9t\u00e9s\u00a0\u00bb.<br \/>\n\u200b \u00ab\u00a0M\u00eame au syndicat, certains me demandent de rester plus discret\u00a0\u00bb<br \/>\nDans la gare de Cerb\u00e8re, la plupart des locaux autrefois d\u00e9di\u00e9s \u00e0 la vie cheminote sont aujourd\u2019hui occup\u00e9s par la PAF. Et aux discours haineux qui gangr\u00e8nent les m\u00e9dias s\u2019ajoutent, ici, les drames humains dont sont victimes les exil\u00e9s parfois directement v\u00e9cus par les agents de la SNCF.<br \/>\n\u00ab\u00a0Quand je croise une personne sur les rails, je lui dis \u00ab\u00a0bienvenue en France\u00a0\u00bb, puis je leur donne des consignes de s\u00e9curit\u00e9 pour qu\u2019ils puissent rapidement quitter les voies\u00a0\u00bb,\u00a0confie, David Cerdan, secr\u00e9taire g\u00e9n\u00e9ral CGT des cheminots de Cerb\u00e8re. Mais ses gestes d\u2019hospitalit\u00e9 ne sont pas du go\u00fbt de tout le monde.<\/p>\n<p>\u00ab\u00a0J\u2019ai r\u00e9cemment \u00e9t\u00e9 mis \u00e0 pied apr\u00e8s avoir d\u00e9nonc\u00e9 les propos racistes d\u2019un cadre de la SNCF,\u00a0poursuit-il.\u00a0Ils ont trouv\u00e9 un coll\u00e8gue pour expliquer que mes accusations \u00e9taient diffamatoires.\u00a0Du coup, m\u00eame au sein du syndicat, certains me demandent de rester plus discret.\u00a0\u00bb<br \/>\nPour Valentina, ce climat est assorti du sentiment de d\u00e9classement social v\u00e9cu par la population locale. Elle reste cependant mobilis\u00e9e, comme David et d\u2019autres militants, tous convaincus que\u00a0la culture de l\u2019accueil est une composante irr\u00e9ductible du patrimoine de ce village frontalier.<\/p>\n<p>\u200b <\/p>\n<p>\u00bfPuede la historia repetirse?<br \/>\n\u200b Hola amigos, compa\u00f1eros de lucha, interesados por esta historia que vivieron nuestros padres, nuestros abuelos, para los m\u00e1s j\u00f3venes,  y que hoy se repite como lo cuenta este art\u00edculo de Emilien Urbach en el diario de \u00ab\u00a0 l\u2019Humanit\u00e9\u00a0\u00bb \u00a0del viernes 3 de enero que he traducido. Nuestra asociaci\u00f3n, RETIRADA37, que ha sido creada hace 10 a\u00f1os para \u00ab\u00a0dar vida a las memorias y a los valores de los republicanos espa\u00f1oles exiliados\u00a0\u00bb, tiene hoy en d\u00eda todav\u00eda m\u00e1s importancia con lo que viven los exiliados que salen de sus tierras africanas y vienen a buscar su vida en Europa, pasando por los mismos caminos en los Pirineos. Con ellos tenemos que fomentar la solidaridad como lo hicieron en otros tiempos la gente de a pie que acogi\u00f3 a los republicanos en esa misma frontera, de manera tan diferente que el estado franc\u00e9s que los meti\u00f3 en los campos de concentraci\u00f3n. Gracias a este periodista del Humanit\u00e9 por recordarnaos con la actualidad  lo que vivieron tantos espa\u00f1oles en febrero del 1939 como mis padres y mi hermano con algunos meses.<br \/>\nEn la fronetra espa\u00f1ola se  pisotea la fraternidad<br \/>\nUna mujer soldado me pregunt\u00f3 si hab\u00eda visto pasar a \u00ab\u00a0cimarrones\u00a0\u00bb: en la frontera franco-espa\u00f1ola se intensifica la represi\u00f3n racista contra los exiliados. <\/p>\n<p>En el pueblo de Cerb\u00e8re, la acogida de los exiliados que llegan por ferrocarril forma parte de la vida a diario de  los residentes. El incremento de la represi\u00f3n y el discurso xen\u00f3fobo perjudican esta tradici\u00f3n heredada de la resistencia al franquismo<\/p>\n<p>La mayor\u00eda de las familias de este pueblo proceden de refugiados republicanos espa\u00f1oles. Los actos de solidaridad con los exiliados siempre ha sido lo normal, pero desde hace algun tiempo la presi\u00f3n policial y la difusi\u00f3n de ideas xen\u00f3fobas son tales que los que contin\u00faan lo hacen escondi\u00e9ndose.\u00a0\u00bb Esto es lo que averigua  Valentina*, miembro del colectivo Viva la costa, en la frontera oriental entre Espa\u00f1a y Francia. Aqu\u00ed, las personas que intentan cruzar para solicitar asilo o continuar su viaje lo hacen a trav\u00e9s del t\u00fanel ferroviario que conecta Portbou, en Espa\u00f1a, con la primera estaci\u00f3n francesa de Cerb\u00e8re. Seg\u00fan los activistas encontrados all\u00ed , cada vez se asiste a m\u00e1s retornos ilegales. Los trenes procedentes de Espa\u00f1a son registrados sistem\u00e1ticamente por la polic\u00eda de fronteras (PAF) y se ha reforzado la presencia militar en todas las v\u00edas cerca del ferrocarril.<\/p>\n<p>En lo que respecta a los extranjeros, la ley parece flexible. \u201cHace poco fui controlado por una patrulla de camino a mi casa\u201d, confiesa un consejal del pueblo, que prefiere permanecer en el anonimato.\u00a0Una mujer soldado me pregunt\u00f3 si hab\u00eda visto pasar \u201ccimarrones\u201d. Ped\u00ed una explicaci\u00f3n del t\u00e9rmino utilizado al sacar mi tarjeta de concejal municipal. El jefe de la patrulla, muy molesto, hizo que sus hombres se pusieran firmes.\u00a0\u00bb El asunto lleg\u00f3 a o\u00eddos del alcalde de este pueblo, de izquierdas, quien luego  pidi\u00f3 a sus representantes  que \u201ctuvieran m\u00e1s cuidado\u201d de no culpar a los militares.<br \/>\n Cuando se trata de extranjeros, la ley parece flexible.<br \/>\nAs\u00ed, explica este mismo electo, \u201cdos j\u00f3venes exiliados que esperaban tranquilamente el autob\u00fas que los llevar\u00eda a Perpi\u00f1\u00e1n fueron recientemente agredidos verbalmente por j\u00f3venes vecinos del pueblo. Cuando intervino la polic\u00eda, los dos exiliados fueron detenidos. Los j\u00f3venes, obviamente ebrios, no fueron molestados.<\/p>\n<p>Incluso en el mismo sindicato, algunos me piden que sea m\u00e1s discreto\u201d. En la estaci\u00f3n de Cerb\u00e8re, la mayor parte de los refugios antiguamente dedicados a la vida ferroviaria est\u00e1n hoy ocupados por la PAF. Y a los discursos de odio que plagan los medios de comunicaci\u00f3n se suman, aqu\u00ed, las tragedias humanas de las que son v\u00edctimas los exiliados, a veces vividas directamente por los agentes de la SNCF. (RENFE francesa)\u00a0\u00bb. Cuando me encuentro con una persona en las v\u00edas, le digo \u00ab\u00a0bienvenido a Francia\u00a0\u00bb y luego le doy instrucciones de seguridad para que pueda abandonar r\u00e1pidamente las v\u00edas\u00a0\u00bb, afirma David Cerdan, secretario general de los trabajadores ferroviarios de la CGT de Cerb\u00e8re. Pero sus gestos de hospitalidad no son del agrado de todos.<br \/>\nHace poco me despidieron temporalmente tras denunciar las declaraciones racistas de un directivo de la SNCF\u201d, contin\u00faa.\u00a0Encontraron a un colega que les explic\u00f3 que mis acusaciones eran difamatorias.\u00a0Por eso, incluso dentro del sindicato, algunos me piden que sea m\u00e1s discreto.\u00a0\u00bb Para Valentina, este clima va acompa\u00f1ado del sentimiento de degradaci\u00f3n social que vive la poblaci\u00f3n local. Sin embargo, sigue movilizada, como David y otros activistas, todos convencidos de que la cultura de la acogida es un componente irreductible del patrimonio de este pueblo fronterizo.<\/p>\n","protected":false},"excerpt":{"rendered":"<p>Bonjour mes amis, camarades de lutte, int\u00e9ress\u00e9s par cette histoire v\u00e9cue par nos parents, nos grands-parents, pour les plus jeunes, et qui se r\u00e9p\u00e8te aujourd&rsquo;hui comme le raconte cet article d&rsquo;Emilien Urbach dans le journal \u00ab l&rsquo;Humanit\u00e9 \u00bb du vendredi 3 janvier, que j&rsquo;ai traduit. Notre association, RETIRADA37, cr\u00e9\u00e9e il y a 10 ans pour &hellip; <a href=\"https:\/\/retirada37.com\/?p=18693\" class=\"more-link\">Continuer la lecture de <span class=\"screen-reader-text\">L\u2019Histoire peut elle se r\u00e9p\u00e9ter\u00a0? Puede la Historia repetirse?<\/span>  <span class=\"meta-nav\">&rarr;<\/span><\/a><\/p>\n","protected":false},"author":2,"featured_media":0,"comment_status":"open","ping_status":"open","sticky":false,"template":"","format":"standard","meta":{"_bbp_topic_count":0,"_bbp_reply_count":0,"_bbp_total_topic_count":0,"_bbp_total_reply_count":0,"_bbp_voice_count":0,"_bbp_anonymous_reply_count":0,"_bbp_topic_count_hidden":0,"_bbp_reply_count_hidden":0,"_bbp_forum_subforum_count":0,"footnotes":""},"categories":[2],"tags":[],"class_list":["post-18693","post","type-post","status-publish","format-standard","hentry","category-actualites"],"_links":{"self":[{"href":"https:\/\/retirada37.com\/index.php?rest_route=\/wp\/v2\/posts\/18693","targetHints":{"allow":["GET"]}}],"collection":[{"href":"https:\/\/retirada37.com\/index.php?rest_route=\/wp\/v2\/posts"}],"about":[{"href":"https:\/\/retirada37.com\/index.php?rest_route=\/wp\/v2\/types\/post"}],"author":[{"embeddable":true,"href":"https:\/\/retirada37.com\/index.php?rest_route=\/wp\/v2\/users\/2"}],"replies":[{"embeddable":true,"href":"https:\/\/retirada37.com\/index.php?rest_route=%2Fwp%2Fv2%2Fcomments&post=18693"}],"version-history":[{"count":3,"href":"https:\/\/retirada37.com\/index.php?rest_route=\/wp\/v2\/posts\/18693\/revisions"}],"predecessor-version":[{"id":18697,"href":"https:\/\/retirada37.com\/index.php?rest_route=\/wp\/v2\/posts\/18693\/revisions\/18697"}],"wp:attachment":[{"href":"https:\/\/retirada37.com\/index.php?rest_route=%2Fwp%2Fv2%2Fmedia&parent=18693"}],"wp:term":[{"taxonomy":"category","embeddable":true,"href":"https:\/\/retirada37.com\/index.php?rest_route=%2Fwp%2Fv2%2Fcategories&post=18693"},{"taxonomy":"post_tag","embeddable":true,"href":"https:\/\/retirada37.com\/index.php?rest_route=%2Fwp%2Fv2%2Ftags&post=18693"}],"curies":[{"name":"wp","href":"https:\/\/api.w.org\/{rel}","templated":true}]}}