{"id":18674,"date":"2024-12-20T15:25:32","date_gmt":"2024-12-20T14:25:32","guid":{"rendered":"http:\/\/retirada37.com\/?p=18674"},"modified":"2024-12-20T15:25:32","modified_gmt":"2024-12-20T14:25:32","slug":"hommage-a-la-catalogne-appel-a-financement-participatif","status":"publish","type":"post","link":"https:\/\/retirada37.com\/?p=18674","title":{"rendered":"Hommage \u00e0 la Catalogne &#8211;  APPEL \u00c0 FINANCEMENT PARTICIPATIF"},"content":{"rendered":"<p><strong>Un voyage au c\u0153ur de la r\u00e9volution et de la guerre d\u2019Espagne.<\/strong><\/p>\n<p>Un film documentaire de Fr\u00e9d\u00e9ric Goldbronn adapt\u00e9 du livre de George Orwell, avec la voix de Bruno Podalyd\u00e8s<\/p>\n<p>Hommage \u00e0 la Catalogne raconte l\u2019engagement de l\u2019\u00e9crivain George Orwell dans la r\u00e9volution et la guerre d\u2019Espagne. C\u2019est un livre hant\u00e9 par des images, que l\u2019on retrouve dans les actualit\u00e9s cin\u00e9matographiques et en particulier dans les reportages tourn\u00e9s par les op\u00e9rateurs anarchistes de la CNT \u00e0 Barcelone et sur le front d\u2019Aragon. En explorant ces images, le film se propose de faire partager l\u2019exp\u00e9rience d\u2019Orwell en Espagne \u00e0 travers une exp\u00e9rience nouvelle, une exp\u00e9rience de cin\u00e9ma.<\/p>\n<blockquote><p>\n<iframe loading=\"lazy\" title=\"vimeo-player\" src=\"https:\/\/player.vimeo.com\/video\/789007127?h=14b7068a93\" width=\"640\" height=\"360\" frameborder=\"0\"    allowfullscreen><\/iframe><\/p><\/blockquote>\n<p>Musique originale compos\u00e9e et interpr\u00e9t\u00e9e par Catherine Delaunay (clarinettes), Bruno Ducret (violoncelle, guitare), Tony Hymas (piano), Guillaume S\u00e9guron (contrebasse) et produite artisanalement par Jean Rochard (nato) [2].<\/p>\n<p>Produit par Richard CopansLes Films d\u2019Ici, avec la participation de la cha\u00eene Histoire, de l\u2019association 24 ao\u00fbt 1944 et de REDHIC ((Recherche et documentation d\u2019histoire contemporaine))et du fonds de soutien du CNC.<\/p>\n<p><strong>Teaser<\/strong><\/p>\n<p>Le budget total du film est de 80 000 euros. La production a r\u00e9uni 65 000 euros. C\u2019est la raison pour laquelle nous avons lanc\u00e9 avec l\u2019association Faisons vivre la Commune ! et Les Ami.e.s de Maurice Rajsfus un appel \u00e0 un financement participatif et militant, qui nous a paru correspondre \u00e0 l\u2019esprit et \u00e0 la forme de ce film documentaire.<\/p>\n<p>Cet appel a d\u00e9j\u00e0 permis (au 28\/11) de r\u00e9unir 8 300 euros, en provenance de 106 participants, dont plusieurs associations. Merci encore \u00e0 eux.<\/p>\n<p>Nous avons termin\u00e9 avec Aurelie Ricard le montage image. Le film devrait \u00eatre achev\u00e9 au printemps 2025. Les participants recevront un lien s\u00e9curis\u00e9 avec le film et seront invit\u00e9s aux projections. Les associations pourront organiser des projections gratuites.<\/p>\n<p>Il manque encore 6 700 euros pour faire les finitions et en particulier le montage son qui joue dans ce film un r\u00f4le essentiel.<\/p>\n<p>Cette campagne se poursuit jusqu\u2019au 31 d\u00e9cembre 2024.<\/p>\n<p>Nous vous invitons \u00e0 y participer et \u00e0 la relayer en partageant le lien suivant :<br \/>\n<a href=\"https:\/\/faisonsvivrelacommune.org\/hommage-a-la-catalogne\/\">https:\/\/faisonsvivrelacommune.org\/hommage-a-la-catalogne\/<\/a><\/p>\n<p>P.-S.<\/p>\n<p>[1] Fr\u00e9d\u00e9ric Goldbronn a d\u00e9couvert les images de la r\u00e9volution espagnole en juillet 1977 \u00e0 Barcelone, lorsque, jeune militant libertaire et fervent lecteur d\u2019Hommage \u00e0 la Catalogne, il a particip\u00e9 aux Jornadas libertarias internacionales, quand l\u2019anarchisme espagnol semblait rena\u00eetre de ses cendres apr\u00e8s quarante ans de dictature.<\/p>\n<p>Form\u00e9 au cin\u00e9ma documentaire aux Ateliers Varan au d\u00e9but des ann\u00e9es quatre-vingt-dix, il creuse obstin\u00e9ment dans sa filmographie un sillon du cin\u00e9ma qui cherche, sur les pas de Walter Benjamin, \u00ab la porte \u00e9troite du pass\u00e9 \u00bb en explorant ses traces, un cin\u00e9ma qui puise son imaginaire dans la part documentaire qui l\u2019a constitu\u00e9.<\/p>\n<p>[2] Jean Rochard est producteur de disques depuis 1980, date \u00e0 laquelle il fonde la maison de disques nato ( http:\/\/www.natomusic.fr)<\/p>\n","protected":false},"excerpt":{"rendered":"<p>Un voyage au c\u0153ur de la r\u00e9volution et de la guerre d\u2019Espagne. Un film documentaire de Fr\u00e9d\u00e9ric Goldbronn adapt\u00e9 du livre de George Orwell, avec la voix de Bruno Podalyd\u00e8s Hommage \u00e0 la Catalogne raconte l\u2019engagement de l\u2019\u00e9crivain George Orwell dans la r\u00e9volution et la guerre d\u2019Espagne. C\u2019est un livre hant\u00e9 par des images, que &hellip; <a href=\"https:\/\/retirada37.com\/?p=18674\" class=\"more-link\">Continuer la lecture de <span class=\"screen-reader-text\">Hommage \u00e0 la Catalogne &#8211;  APPEL \u00c0 FINANCEMENT PARTICIPATIF<\/span>  <span class=\"meta-nav\">&rarr;<\/span><\/a><\/p>\n","protected":false},"author":3,"featured_media":0,"comment_status":"open","ping_status":"open","sticky":false,"template":"","format":"standard","meta":{"_bbp_topic_count":0,"_bbp_reply_count":0,"_bbp_total_topic_count":0,"_bbp_total_reply_count":0,"_bbp_voice_count":0,"_bbp_anonymous_reply_count":0,"_bbp_topic_count_hidden":0,"_bbp_reply_count_hidden":0,"_bbp_forum_subforum_count":0,"footnotes":""},"categories":[2,14,4],"tags":[],"class_list":["post-18674","post","type-post","status-publish","format-standard","hentry","category-actualites","category-histoire","category-videos"],"_links":{"self":[{"href":"https:\/\/retirada37.com\/index.php?rest_route=\/wp\/v2\/posts\/18674","targetHints":{"allow":["GET"]}}],"collection":[{"href":"https:\/\/retirada37.com\/index.php?rest_route=\/wp\/v2\/posts"}],"about":[{"href":"https:\/\/retirada37.com\/index.php?rest_route=\/wp\/v2\/types\/post"}],"author":[{"embeddable":true,"href":"https:\/\/retirada37.com\/index.php?rest_route=\/wp\/v2\/users\/3"}],"replies":[{"embeddable":true,"href":"https:\/\/retirada37.com\/index.php?rest_route=%2Fwp%2Fv2%2Fcomments&post=18674"}],"version-history":[{"count":1,"href":"https:\/\/retirada37.com\/index.php?rest_route=\/wp\/v2\/posts\/18674\/revisions"}],"predecessor-version":[{"id":18675,"href":"https:\/\/retirada37.com\/index.php?rest_route=\/wp\/v2\/posts\/18674\/revisions\/18675"}],"wp:attachment":[{"href":"https:\/\/retirada37.com\/index.php?rest_route=%2Fwp%2Fv2%2Fmedia&parent=18674"}],"wp:term":[{"taxonomy":"category","embeddable":true,"href":"https:\/\/retirada37.com\/index.php?rest_route=%2Fwp%2Fv2%2Fcategories&post=18674"},{"taxonomy":"post_tag","embeddable":true,"href":"https:\/\/retirada37.com\/index.php?rest_route=%2Fwp%2Fv2%2Ftags&post=18674"}],"curies":[{"name":"wp","href":"https:\/\/api.w.org\/{rel}","templated":true}]}}