{"id":18671,"date":"2024-12-13T11:20:13","date_gmt":"2024-12-13T10:20:13","guid":{"rendered":"http:\/\/retirada37.com\/?p=18671"},"modified":"2024-12-13T11:20:13","modified_gmt":"2024-12-13T10:20:13","slug":"ancienne-maternite-suisse-ou-chateau-den-bardou-la-maternite-delne","status":"publish","type":"post","link":"https:\/\/retirada37.com\/?p=18671","title":{"rendered":"Ancienne maternit\u00e9 suisse ou ch\u00e2teau d&rsquo;En Bardou (la maternit\u00e9 d&rsquo;Elne)."},"content":{"rendered":"<p><strong>Le lieu et son histoire : un int\u00e9r\u00eat patrimonial et un historique rare<\/strong><\/p>\n<p>Command\u00e9 par l\u2019industriel et homme politique Eug\u00e8ne Bardou, cr\u00e9ateur de la marque de papier \u00e0 cigarettes JOB, \u00e0 l\u2019architecte danois Viggo Dorph-Petersen, le ch\u00e2teau est achev\u00e9 en 1902. Cet \u00e9l\u00e9gant b\u00e2timent Art Nouveau, coiff\u00e9 d\u2019une coupole vitr\u00e9e et b\u00e2ti en croix grecque, illustre l\u2019extraordinaire essor \u00e9conomique du Roussillon au d\u00e9but du XX\u00e8me si\u00e8cle.<\/p>\n<p><a href=\"https:\/\/retirada37.com\/wp-content\/uploads\/2024\/12\/medium_maternite_d_Elne_0583474ac6.jpg\"><img loading=\"lazy\" decoding=\"async\" src=\"https:\/\/retirada37.com\/wp-content\/uploads\/2024\/12\/medium_maternite_d_Elne_0583474ac6.jpg\" alt=\"\" width=\"750\" height=\"499\" class=\"alignnone size-full wp-image-18672\" srcset=\"https:\/\/retirada37.com\/wp-content\/uploads\/2024\/12\/medium_maternite_d_Elne_0583474ac6.jpg 750w, https:\/\/retirada37.com\/wp-content\/uploads\/2024\/12\/medium_maternite_d_Elne_0583474ac6-300x200.jpg 300w\" sizes=\"auto, (max-width: 750px) 100vw, 750px\" \/><\/a><\/p>\n<p>Au d\u00e9but de la seconde Guerre mondiale, lou\u00e9 par le Secours Suisse d\u2019aide aux enfants des victimes de guerre, il est transform\u00e9 en maternit\u00e9. Ce sont majoritairement des femmes espagnoles exil\u00e9es lors de la guerre civile et h\u00e9berg\u00e9es dans les camps de Rivesaltes et Argel\u00e8s-sur-Mer entre 1939 et 1944 qui y sont accueillies. De nombreuses m\u00e8res juives viennent \u00e9galement y accoucher en secret. L&rsquo;institutrice Elisabeth Eidenbenz (1913-2011), reconnue \u00ab Juste parmi les Nations \u00bb en 2002, dirigeait la \u00ab Maternit\u00e9 suisse \u00bb. Son action permettra de faire na\u00eetre, dans des conditions dignes, 595 enfants de m\u00e8res de nationalit\u00e9s et confessions diverses.<\/p>\n<p>Aujourd\u2019hui ce sont plus de 650 familles, souvent des descendants de ces b\u00e9b\u00e9s, qui ont donn\u00e9 le pr\u00e9nom Elna ou Nael (anagramme de Elna pour les gar\u00e7ons) \u00e0 leurs enfants. Tous les deux ans, ces ambassadeurs de la maternit\u00e9, de 16 ans \u00e0 1 mois, se r\u00e9unissent \u00e0 Elne pour c\u00e9l\u00e9brer et perp\u00e9tuer ensemble la m\u00e9moire de cette belle histoire.<\/p>\n<p><strong>La mobilisation : un lieu de paix et de m\u00e9moire qu&rsquo;il faut conserver<\/strong><\/p>\n<p>Le ch\u00e2teau d\u2019en Bardou a \u00e9t\u00e9 rachet\u00e9 par la commune apr\u00e8s un demi-si\u00e8cle d\u2019abandon. Il accueille aujourd\u2019hui un mus\u00e9e ouvert toute l\u2019ann\u00e9e et visit\u00e9 par 44 000 personnes par an.<\/p>\n<p>C\u2019est un lieu sentinelle, symbole d\u2019espoir et de paix, inscrit dans les circuits europ\u00e9ens de la m\u00e9moire du XX\u00e8me si\u00e8cle, o\u00f9 ont \u00e9t\u00e9 mis en place des actions p\u00e9dagogiques (accueil de tr\u00e8s nombreux groupes scolaires) et une programmation culturelle autour de l\u2019histoire de la maternit\u00e9 (expositions permanente et th\u00e9matiques, spectacles, etc.).<\/p>\n<p>Les abords du ch\u00e2teau, \u00e9crin de verdure, font aussi office de grand parc public pour la commune, et ont ainsi \u00e9t\u00e9 am\u00e9nag\u00e9s afin de pouvoir profiter de la nature. <\/p>\n<p><strong>FAIRE UN DON Ancienne maternit\u00e9 suisse ou ch\u00e2teau d&rsquo;En Bardou<\/strong> :<a href=\"https:\/\/www.fondation-patrimoine.org\/faire-un-don\/ancienne-maternite-suisse\">https:\/\/www.fondation-patrimoine.org\/faire-un-don\/ancienne-maternite-suisse<\/a><\/p>\n","protected":false},"excerpt":{"rendered":"<p>Le lieu et son histoire : un int\u00e9r\u00eat patrimonial et un historique rare Command\u00e9 par l\u2019industriel et homme politique Eug\u00e8ne Bardou, cr\u00e9ateur de la marque de papier \u00e0 cigarettes JOB, \u00e0 l\u2019architecte danois Viggo Dorph-Petersen, le ch\u00e2teau est achev\u00e9 en 1902. Cet \u00e9l\u00e9gant b\u00e2timent Art Nouveau, coiff\u00e9 d\u2019une coupole vitr\u00e9e et b\u00e2ti en croix grecque, &hellip; <a href=\"https:\/\/retirada37.com\/?p=18671\" class=\"more-link\">Continuer la lecture de <span class=\"screen-reader-text\">Ancienne maternit\u00e9 suisse ou ch\u00e2teau d&rsquo;En Bardou (la maternit\u00e9 d&rsquo;Elne).<\/span>  <span class=\"meta-nav\">&rarr;<\/span><\/a><\/p>\n","protected":false},"author":3,"featured_media":0,"comment_status":"open","ping_status":"open","sticky":false,"template":"","format":"standard","meta":{"_bbp_topic_count":0,"_bbp_reply_count":0,"_bbp_total_topic_count":0,"_bbp_total_reply_count":0,"_bbp_voice_count":0,"_bbp_anonymous_reply_count":0,"_bbp_topic_count_hidden":0,"_bbp_reply_count_hidden":0,"_bbp_forum_subforum_count":0,"footnotes":""},"categories":[2,14],"tags":[],"class_list":["post-18671","post","type-post","status-publish","format-standard","hentry","category-actualites","category-histoire"],"_links":{"self":[{"href":"https:\/\/retirada37.com\/index.php?rest_route=\/wp\/v2\/posts\/18671","targetHints":{"allow":["GET"]}}],"collection":[{"href":"https:\/\/retirada37.com\/index.php?rest_route=\/wp\/v2\/posts"}],"about":[{"href":"https:\/\/retirada37.com\/index.php?rest_route=\/wp\/v2\/types\/post"}],"author":[{"embeddable":true,"href":"https:\/\/retirada37.com\/index.php?rest_route=\/wp\/v2\/users\/3"}],"replies":[{"embeddable":true,"href":"https:\/\/retirada37.com\/index.php?rest_route=%2Fwp%2Fv2%2Fcomments&post=18671"}],"version-history":[{"count":1,"href":"https:\/\/retirada37.com\/index.php?rest_route=\/wp\/v2\/posts\/18671\/revisions"}],"predecessor-version":[{"id":18673,"href":"https:\/\/retirada37.com\/index.php?rest_route=\/wp\/v2\/posts\/18671\/revisions\/18673"}],"wp:attachment":[{"href":"https:\/\/retirada37.com\/index.php?rest_route=%2Fwp%2Fv2%2Fmedia&parent=18671"}],"wp:term":[{"taxonomy":"category","embeddable":true,"href":"https:\/\/retirada37.com\/index.php?rest_route=%2Fwp%2Fv2%2Fcategories&post=18671"},{"taxonomy":"post_tag","embeddable":true,"href":"https:\/\/retirada37.com\/index.php?rest_route=%2Fwp%2Fv2%2Ftags&post=18671"}],"curies":[{"name":"wp","href":"https:\/\/api.w.org\/{rel}","templated":true}]}}