{"id":18653,"date":"2024-12-12T17:11:27","date_gmt":"2024-12-12T16:11:27","guid":{"rendered":"http:\/\/retirada37.com\/?p=18653"},"modified":"2024-12-12T17:11:40","modified_gmt":"2024-12-12T16:11:40","slug":"retour-sur-la-soiree-autour-des-10-ans-de-retirada37","status":"publish","type":"post","link":"https:\/\/retirada37.com\/?p=18653","title":{"rendered":"Retour sur la soir\u00e9e autour des 10 ans de Retirada37"},"content":{"rendered":"<p>Une cinquantaine de personnes pr\u00e9sente lors du d\u00e9bat avec Anne Jollet (la directrice de la revue d\u2019histoire critique les cahiers d&rsquo;histoire)puis quatre vingt personnes pour suivre les belles prestations de la chorale militante \u00ab\u00a0La P&rsquo;tite Rouge de Touraine\u00a0\u00bb et du groupe (en formation restreinte) d&rsquo;El Comunero. Une soir\u00e9e emprunte d&rsquo;enthousiasme et de fraternit\u00e9 antifasciste&#8230; Cela fait du bien en ce moment !<\/p>\n<p><a href=\"https:\/\/retirada37.com\/wp-content\/uploads\/2024\/12\/DSCF6409.jpg\"><img loading=\"lazy\" decoding=\"async\" src=\"https:\/\/retirada37.com\/wp-content\/uploads\/2024\/12\/DSCF6409.jpg\" alt=\"\" width=\"640\" height=\"480\" class=\"alignnone size-full wp-image-18654\" srcset=\"https:\/\/retirada37.com\/wp-content\/uploads\/2024\/12\/DSCF6409.jpg 640w, https:\/\/retirada37.com\/wp-content\/uploads\/2024\/12\/DSCF6409-300x225.jpg 300w\" sizes=\"auto, (max-width: 640px) 100vw, 640px\" \/><\/a><\/p>\n<p><a href=\"https:\/\/retirada37.com\/wp-content\/uploads\/2024\/12\/DSCF6413.jpg\"><img loading=\"lazy\" decoding=\"async\" src=\"https:\/\/retirada37.com\/wp-content\/uploads\/2024\/12\/DSCF6413.jpg\" alt=\"\" width=\"640\" height=\"360\" class=\"alignnone size-full wp-image-18655\" srcset=\"https:\/\/retirada37.com\/wp-content\/uploads\/2024\/12\/DSCF6413.jpg 640w, https:\/\/retirada37.com\/wp-content\/uploads\/2024\/12\/DSCF6413-300x169.jpg 300w\" sizes=\"auto, (max-width: 640px) 100vw, 640px\" \/><\/a><\/p>\n<p><a href=\"https:\/\/retirada37.com\/wp-content\/uploads\/2024\/12\/DSCF6419.jpg\"><img loading=\"lazy\" decoding=\"async\" src=\"https:\/\/retirada37.com\/wp-content\/uploads\/2024\/12\/DSCF6419.jpg\" alt=\"\" width=\"640\" height=\"360\" class=\"alignnone size-full wp-image-18656\" srcset=\"https:\/\/retirada37.com\/wp-content\/uploads\/2024\/12\/DSCF6419.jpg 640w, https:\/\/retirada37.com\/wp-content\/uploads\/2024\/12\/DSCF6419-300x169.jpg 300w\" sizes=\"auto, (max-width: 640px) 100vw, 640px\" \/><\/a><\/p>\n<p><a href=\"https:\/\/retirada37.com\/wp-content\/uploads\/2024\/12\/DSCF6425.jpg\"><img loading=\"lazy\" decoding=\"async\" src=\"https:\/\/retirada37.com\/wp-content\/uploads\/2024\/12\/DSCF6425.jpg\" alt=\"\" width=\"640\" height=\"427\" class=\"alignnone size-full wp-image-18657\" srcset=\"https:\/\/retirada37.com\/wp-content\/uploads\/2024\/12\/DSCF6425.jpg 640w, https:\/\/retirada37.com\/wp-content\/uploads\/2024\/12\/DSCF6425-300x200.jpg 300w\" sizes=\"auto, (max-width: 640px) 100vw, 640px\" \/><\/a><\/p>\n<p><a href=\"https:\/\/retirada37.com\/wp-content\/uploads\/2024\/12\/DSCF6439.jpg\"><img loading=\"lazy\" decoding=\"async\" src=\"https:\/\/retirada37.com\/wp-content\/uploads\/2024\/12\/DSCF6439.jpg\" alt=\"\" width=\"640\" height=\"360\" class=\"alignnone size-full wp-image-18658\" srcset=\"https:\/\/retirada37.com\/wp-content\/uploads\/2024\/12\/DSCF6439.jpg 640w, https:\/\/retirada37.com\/wp-content\/uploads\/2024\/12\/DSCF6439-300x169.jpg 300w\" sizes=\"auto, (max-width: 640px) 100vw, 640px\" \/><\/a><\/p>\n<p><a href=\"https:\/\/retirada37.com\/wp-content\/uploads\/2024\/12\/DSCF6441.jpg\"><img loading=\"lazy\" decoding=\"async\" src=\"https:\/\/retirada37.com\/wp-content\/uploads\/2024\/12\/DSCF6441.jpg\" alt=\"\" width=\"640\" height=\"480\" class=\"alignnone size-full wp-image-18659\" srcset=\"https:\/\/retirada37.com\/wp-content\/uploads\/2024\/12\/DSCF6441.jpg 640w, https:\/\/retirada37.com\/wp-content\/uploads\/2024\/12\/DSCF6441-300x225.jpg 300w\" sizes=\"auto, (max-width: 640px) 100vw, 640px\" \/><\/a><\/p>\n<p><a href=\"https:\/\/retirada37.com\/wp-content\/uploads\/2024\/12\/DSCF6443.jpg\"><img loading=\"lazy\" decoding=\"async\" src=\"https:\/\/retirada37.com\/wp-content\/uploads\/2024\/12\/DSCF6443.jpg\" alt=\"\" width=\"640\" height=\"480\" class=\"alignnone size-full wp-image-18660\" srcset=\"https:\/\/retirada37.com\/wp-content\/uploads\/2024\/12\/DSCF6443.jpg 640w, https:\/\/retirada37.com\/wp-content\/uploads\/2024\/12\/DSCF6443-300x225.jpg 300w\" sizes=\"auto, (max-width: 640px) 100vw, 640px\" \/><\/a><\/p>\n<blockquote>\n<div itemscope itemtype=\"https:\/\/schema.org\/VideoObject\" style=\"position:relative;padding-bottom:75%;\"><meta itemprop=\"name\" content=\"Retirada37 les 10 ans\" \/><meta itemprop=\"description\" content=\"Le concert d'El Comunero et de\"la P'tite Rouge de Touraine\", le 7 d\u00e9cembre 2024, salle Jacques Villeret, \u00e0 Tours.\" \/><meta itemprop=\"uploadDate\" content=\"2024-12-12T14:11:57.000Z\" \/><meta itemprop=\"thumbnailUrl\" content=\"https:\/\/s1.dmcdn.net\/v\/XWO9s1dMkyj6oaJDu\/x120\" \/><meta itemprop=\"duration\" content=\"P1883S\" \/><meta itemprop=\"embedUrl\" content=\"https:\/\/geo.dailymotion.com\/player\/xl64e.html?video=x9aoinq\" \/><iframe loading=\"lazy\" frameborder=\"0\" width=\"100%\" height=\"100%\" style=\"width:100%;height:100%;position:absolute;left:0px;top:0px;overflow:hidden;\" src=\"https:\/\/geo.dailymotion.com\/player\/xl64e.html?video=x9aoinq\" allowfullscreen allow=\"autoplay; fullscreen; picture-in-picture; web-share\" title=\"Dailymotion video player \u2013 Retirada37 les 10 ans\"><\/iframe><\/div>\n<\/blockquote>\n<p><strong>A visionner sur ce lien, la prestation improvis\u00e9e de Jacqueline !<\/strong> <a href=\"https:\/\/mbasic.facebook.com\/watch\/?v=1372226276951519&#038;ref=sharing\">https:\/\/mbasic.facebook.com\/watch\/?v=1372226276951519&#038;ref=sharing<\/a><\/p>\n","protected":false},"excerpt":{"rendered":"<p>Une cinquantaine de personnes pr\u00e9sente lors du d\u00e9bat avec Anne Jollet (la directrice de la revue d\u2019histoire critique les cahiers d&rsquo;histoire)puis quatre vingt personnes pour suivre les belles prestations de la chorale militante \u00ab\u00a0La P&rsquo;tite Rouge de Touraine\u00a0\u00bb et du groupe (en formation restreinte) d&rsquo;El Comunero. Une soir\u00e9e emprunte d&rsquo;enthousiasme et de fraternit\u00e9 antifasciste&#8230; Cela &hellip; <a href=\"https:\/\/retirada37.com\/?p=18653\" class=\"more-link\">Continuer la lecture de <span class=\"screen-reader-text\">Retour sur la soir\u00e9e autour des 10 ans de Retirada37<\/span>  <span class=\"meta-nav\">&rarr;<\/span><\/a><\/p>\n","protected":false},"author":3,"featured_media":0,"comment_status":"open","ping_status":"open","sticky":false,"template":"","format":"standard","meta":{"_bbp_topic_count":0,"_bbp_reply_count":0,"_bbp_total_topic_count":0,"_bbp_total_reply_count":0,"_bbp_voice_count":0,"_bbp_anonymous_reply_count":0,"_bbp_topic_count_hidden":0,"_bbp_reply_count_hidden":0,"_bbp_forum_subforum_count":0,"footnotes":""},"categories":[2,4],"tags":[],"class_list":["post-18653","post","type-post","status-publish","format-standard","hentry","category-actualites","category-videos"],"_links":{"self":[{"href":"https:\/\/retirada37.com\/index.php?rest_route=\/wp\/v2\/posts\/18653","targetHints":{"allow":["GET"]}}],"collection":[{"href":"https:\/\/retirada37.com\/index.php?rest_route=\/wp\/v2\/posts"}],"about":[{"href":"https:\/\/retirada37.com\/index.php?rest_route=\/wp\/v2\/types\/post"}],"author":[{"embeddable":true,"href":"https:\/\/retirada37.com\/index.php?rest_route=\/wp\/v2\/users\/3"}],"replies":[{"embeddable":true,"href":"https:\/\/retirada37.com\/index.php?rest_route=%2Fwp%2Fv2%2Fcomments&post=18653"}],"version-history":[{"count":9,"href":"https:\/\/retirada37.com\/index.php?rest_route=\/wp\/v2\/posts\/18653\/revisions"}],"predecessor-version":[{"id":18670,"href":"https:\/\/retirada37.com\/index.php?rest_route=\/wp\/v2\/posts\/18653\/revisions\/18670"}],"wp:attachment":[{"href":"https:\/\/retirada37.com\/index.php?rest_route=%2Fwp%2Fv2%2Fmedia&parent=18653"}],"wp:term":[{"taxonomy":"category","embeddable":true,"href":"https:\/\/retirada37.com\/index.php?rest_route=%2Fwp%2Fv2%2Fcategories&post=18653"},{"taxonomy":"post_tag","embeddable":true,"href":"https:\/\/retirada37.com\/index.php?rest_route=%2Fwp%2Fv2%2Ftags&post=18653"}],"curies":[{"name":"wp","href":"https:\/\/api.w.org\/{rel}","templated":true}]}}