{"id":18637,"date":"2024-11-01T00:16:27","date_gmt":"2024-10-31T23:16:27","guid":{"rendered":"http:\/\/retirada37.com\/?p=18637"},"modified":"2024-10-29T18:18:12","modified_gmt":"2024-10-29T17:18:12","slug":"lillusion-lyrique-le-volontariat-international-combattant-dans-la-guerre-despagne-1936-1938","status":"publish","type":"post","link":"https:\/\/retirada37.com\/?p=18637","title":{"rendered":"\u00ab L\u2019illusion lyrique \u00bb, Le volontariat international combattant dans la guerre d\u2019Espagne (1936-1938)."},"content":{"rendered":"<p>Mesdames, Messieurs, chers amis,<\/p>\n<p>J\u2019ai le plaisir de vous annoncer la parution de mon dernier ouvrage intitul\u00e9 \u00ab L\u2019illusion lyrique \u00bb. Le volontariat international combattant dans la guerre d\u2019Espagne (1936 \u2013 1938) publi\u00e9 aux \u00c9ditions de la Sorbonne.<\/p>\n<p>Appuy\u00e9 sur une d\u00e9cennie de recherches men\u00e9es dans plusieurs dizaines de fonds d\u2019archives internationaux de la Russie \u00e0 l\u2019Espagne, sa mati\u00e8re est absolument in\u00e9dite. Pour la premi\u00e8re fois dans l\u2019historiographie, cet ouvrage observe le volontariat international combattant durant la guerre civile espagnole (1936 \u2013 1939) en embrassant toutes ses manifestations, de part et d\u2019autre de la ligne de front, en repla\u00e7ant les Brigades internationales dans une perspective renouvel\u00e9e.<\/p>\n<p>Cette derni\u00e8re constitue le point de d\u00e9part de mes travaux actuels sur les formes contemporaines du ph\u00e9nom\u00e8ne de volontariat international combattant occidental, notamment en Ukraine.<\/p>\n<p>L\u2019ouvrage a re\u00e7u le soutien de la commission de la recherche de l\u2019Universit\u00e9 Paris 1 Panth\u00e9on-Sorbonne<\/p>\n<p>R\u00e9sum\u00e9<\/p>\n<p>La guerre d\u2019Espagne s\u2019est notamment caract\u00e9ris\u00e9e par le surgissement d\u2019un ph\u00e9nom\u00e8ne consid\u00e9rable et inattendu : l\u2019arriv\u00e9e de dizaines de milliers d\u2019\u00e9trangers, hommes et femmes, d\u00e9sirant prendre part aux combats. Tr\u00e8s majoritairement antifascistes, ils se sont dispers\u00e9s dans diff\u00e9rentes formations combattantes internationales dont les plus fameuses furent les Brigades internationales mises sur pied par le parti communiste. D\u2019autres \u00e9trangers ont pourtant choisi de rejoindre l\u2019autre camp, par anticommunisme. Cet ouvrage propose de r\u00e9envisager cet \u00e9pisode c\u00e9l\u00e8bre du XXe si\u00e8cle en le repla\u00e7ant dans une continuit\u00e9 historique, celle du ph\u00e9nom\u00e8ne de volontariat international combattant, d\u00e9j\u00e0 particuli\u00e8rement pr\u00e9gnant au XIXe si\u00e8cle. Il faut pour cela s\u2019\u00e9manciper des perspectives qui faisaient des Brigades internationales un \u00e9pisode in\u00e9dit et unique pour regarder le ph\u00e9nom\u00e8ne en Espagne dans son \u00e9paisseur, sa pluralit\u00e9 et ses complexit\u00e9s. Durant deux ans, les volontaires internationaux ont combattu dans la guerre civile espagnole selon des modalit\u00e9s propres, souvent concurrentielles, et des attentes diverses, non sans d\u00e9sillusions, d\u00e9ceptions et renoncements. Au-del\u00e0 de leurs disparit\u00e9s, des affrontements politiques et des controverses m\u00e9morielles, les milliers de volontaires \u00e9trangers en Espagne ont partag\u00e9 des caract\u00e9ristiques communes qui nous renseignent \u00e9minemment sur le ph\u00e9nom\u00e8ne de volontariat international combattant qui, aujourd\u2019hui encore, continue de survenir dans les conflits contemporains.<\/p>\n<p><a href=\"https:\/\/retirada37.com\/wp-content\/uploads\/2024\/10\/Illusion_couv-V2_page-0001-scaled.jpg\"><img loading=\"lazy\" decoding=\"async\" src=\"https:\/\/retirada37.com\/wp-content\/uploads\/2024\/10\/Illusion_couv-V2_page-0001-scaled.jpg\" alt=\"\" width=\"2560\" height=\"1823\" class=\"alignnone size-full wp-image-18638\" srcset=\"https:\/\/retirada37.com\/wp-content\/uploads\/2024\/10\/Illusion_couv-V2_page-0001-scaled.jpg 2560w, https:\/\/retirada37.com\/wp-content\/uploads\/2024\/10\/Illusion_couv-V2_page-0001-300x214.jpg 300w, https:\/\/retirada37.com\/wp-content\/uploads\/2024\/10\/Illusion_couv-V2_page-0001-1024x729.jpg 1024w, https:\/\/retirada37.com\/wp-content\/uploads\/2024\/10\/Illusion_couv-V2_page-0001-768x547.jpg 768w, https:\/\/retirada37.com\/wp-content\/uploads\/2024\/10\/Illusion_couv-V2_page-0001-1536x1094.jpg 1536w, https:\/\/retirada37.com\/wp-content\/uploads\/2024\/10\/Illusion_couv-V2_page-0001-2048x1458.jpg 2048w\" sizes=\"auto, (max-width: 2560px) 100vw, 2560px\" \/><\/a><\/p>\n<p>Il peut \u00eatre command\u00e9 en librairie ou bien aupr\u00e8s de l\u2019\u00e9diteur, les \u00c9ditions de la Sorbonne : <a href=\"http:\/\/www.editionsdelasorbonne.fr\/fr\/livre\/?GCOI=28405100860080\">http:\/\/www.editionsdelasorbonne.fr\/fr\/livre\/?GCOI=28405100860080<\/a><\/p>\n","protected":false},"excerpt":{"rendered":"<p>Mesdames, Messieurs, chers amis, J\u2019ai le plaisir de vous annoncer la parution de mon dernier ouvrage intitul\u00e9 \u00ab L\u2019illusion lyrique \u00bb. Le volontariat international combattant dans la guerre d\u2019Espagne (1936 \u2013 1938) publi\u00e9 aux \u00c9ditions de la Sorbonne. Appuy\u00e9 sur une d\u00e9cennie de recherches men\u00e9es dans plusieurs dizaines de fonds d\u2019archives internationaux de la Russie &hellip; <a href=\"https:\/\/retirada37.com\/?p=18637\" class=\"more-link\">Continuer la lecture de <span class=\"screen-reader-text\">\u00ab L\u2019illusion lyrique \u00bb, Le volontariat international combattant dans la guerre d\u2019Espagne (1936-1938).<\/span>  <span class=\"meta-nav\">&rarr;<\/span><\/a><\/p>\n","protected":false},"author":3,"featured_media":0,"comment_status":"open","ping_status":"open","sticky":false,"template":"","format":"standard","meta":{"_bbp_topic_count":0,"_bbp_reply_count":0,"_bbp_total_topic_count":0,"_bbp_total_reply_count":0,"_bbp_voice_count":0,"_bbp_anonymous_reply_count":0,"_bbp_topic_count_hidden":0,"_bbp_reply_count_hidden":0,"_bbp_forum_subforum_count":0,"footnotes":""},"categories":[2,14],"tags":[],"class_list":["post-18637","post","type-post","status-publish","format-standard","hentry","category-actualites","category-histoire"],"_links":{"self":[{"href":"https:\/\/retirada37.com\/index.php?rest_route=\/wp\/v2\/posts\/18637","targetHints":{"allow":["GET"]}}],"collection":[{"href":"https:\/\/retirada37.com\/index.php?rest_route=\/wp\/v2\/posts"}],"about":[{"href":"https:\/\/retirada37.com\/index.php?rest_route=\/wp\/v2\/types\/post"}],"author":[{"embeddable":true,"href":"https:\/\/retirada37.com\/index.php?rest_route=\/wp\/v2\/users\/3"}],"replies":[{"embeddable":true,"href":"https:\/\/retirada37.com\/index.php?rest_route=%2Fwp%2Fv2%2Fcomments&post=18637"}],"version-history":[{"count":1,"href":"https:\/\/retirada37.com\/index.php?rest_route=\/wp\/v2\/posts\/18637\/revisions"}],"predecessor-version":[{"id":18639,"href":"https:\/\/retirada37.com\/index.php?rest_route=\/wp\/v2\/posts\/18637\/revisions\/18639"}],"wp:attachment":[{"href":"https:\/\/retirada37.com\/index.php?rest_route=%2Fwp%2Fv2%2Fmedia&parent=18637"}],"wp:term":[{"taxonomy":"category","embeddable":true,"href":"https:\/\/retirada37.com\/index.php?rest_route=%2Fwp%2Fv2%2Fcategories&post=18637"},{"taxonomy":"post_tag","embeddable":true,"href":"https:\/\/retirada37.com\/index.php?rest_route=%2Fwp%2Fv2%2Ftags&post=18637"}],"curies":[{"name":"wp","href":"https:\/\/api.w.org\/{rel}","templated":true}]}}