{"id":18634,"date":"2024-10-31T00:07:27","date_gmt":"2024-10-30T23:07:27","guid":{"rendered":"http:\/\/retirada37.com\/?p=18634"},"modified":"2024-10-29T18:10:49","modified_gmt":"2024-10-29T17:10:49","slug":"francais-libres-et-republicains-espagnols-contre-le-nazis","status":"publish","type":"post","link":"https:\/\/retirada37.com\/?p=18634","title":{"rendered":"Fran\u00e7ais Libres et R\u00e9publicains Espagnols contre le nazis"},"content":{"rendered":"<p>L\u2019association24 Ao\u00fbt 1944 &#8211; La Nueve  a d\u00e9cid\u00e9 de r\u00e9 \u00e9diter : Les carnets de route d\u2019un crois\u00e9 de la France libre et l\u2019hallali de Paris \u00e0 Berchtesgaden, dans leur int\u00e9gralit\u00e9. Ces textes seront suivi des Chemins de la m\u00e9moire, afin de suivre la transmission de la m\u00e9moire de la Nueve de 1944 (\u00e0 Paris) \u00e0 nos jours. Cette m\u00e9moire ne s\u2019est jamais effac\u00e9e, elle a travers\u00e9 les d\u00e9cennies pour parvenir jusqu\u2019\u00e0 nous. Beaucoup de protagonistes, d\u2019historiens de militants se sont mobilis\u00e9 \u00e0 travers les ans pour qu\u2019elle existe, co\u00fbte que co\u00fbte.<\/p>\n<p>R\u00e9\u00e9diter les carnets de route du Capitaine Dronne, relatant son odyss\u00e9e de Fran\u00e7ais Libre d\u00e8s 1940 aux confins du Cameroun, jusqu\u2019en Allemagne en 1945 pourrait para\u00eetre paradoxal pour une association m\u00e9morielle des r\u00e9publicains espagnols r\u00e9fugi\u00e9s en France.<\/p>\n<p>Et pourtant, quand le capitaine Dronne rejoint Leclerc et remonte vers l\u2019Afrique du Nord, la compagnie qui lui est confi\u00e9e est majoritairement compos\u00e9e de r\u00e9publicains espagnols, r\u00e9fugi\u00e9s en Afrique du Nord.<\/p>\n<p>Commence alors une \u00e9pop\u00e9e qui liera ce Fran\u00e7ais Libre de la premi\u00e8re heure, \u00e0 ces r\u00e9publicains espagnols antifascistes, d\u2019avant l\u2019heure, de fa\u00e7on ind\u00e9fectible pendant les ann\u00e9es de guerre et bien au-del\u00e0. Pendant des ann\u00e9es Raymond Dronne et les survivants de la compagnie resteront soud\u00e9s, telle une famille, dira Colette, la fille du Capitaine Dronne qui les a bien connus.<\/p>\n<p>\u00c0 un moment o\u00f9 les \u00e9trangers en g\u00e9n\u00e9ral, prennent enfin la place qui leur revient dans la lib\u00e9ration de la France et de l\u2019Europe, rappeler qu\u2019il y a 40 ans cette m\u00e9moire existait d\u00e9j\u00e0 n\u2019est pas inutile.<\/p>\n<p>Rappeler qu\u2019en des moments historiques pr\u00e9cis, des vies que rien ne semblait devoir r\u00e9unir, se m\u00ealent dans un combat commun sup\u00e9rieur \u00e0 chacun d\u2019entre eux, devrait nous enseigner pour aujourd\u2019hui.<\/p>\n<p>Et en r\u00e9\u00e9ditant la totalit\u00e9 de ces carnets de route, nous avons fait le choix de montrer l\u2019ensemble des combats men\u00e9s par le Capitaine Dronne pendant la seconde guerre mondiale. Et par l\u00e0, nous faisons le choix d\u2019inclure la \u00ab Nueve \u00bb dans un mouvement historique auquel ces r\u00e9publicains espagnols participent avec de nombreux autres \u00e9trangers.<\/p>\n<p>De m\u00eame que les hommes de la \u00ab Nueve \u00bb ont une histoire avant la deuxi\u00e8me guerre mondiale, nous le verrons dans l\u2019introduction, ils en ont une apr\u00e8s. Ce sera l\u2019objet de la troisi\u00e8me partie de ce volume.<\/p>\n<p>R\u00e9\u00e9diter ces carnets, c\u2019est rendre hommage \u00e0 Raymond Dronne, l\u2019homme engag\u00e9 dans la deuxi\u00e8me guerre mondiale, r\u00e9dacteur d\u2019un t\u00e9moignage exceptionnel sur la \u00ab Nueve \u00bb, \u00e0 sa fille Colette \u00e9prise de v\u00e9rit\u00e9 concernant \u00ab sa \u00bb famille de la Nueve et \u00e0 ces hommes de la Nueve , qui sont, pour nous, l\u2019embl\u00e8me de l\u2019engagement du peuple espagnol des deux c\u00f4t\u00e9s des Pyr\u00e9n\u00e9es contre la barbarie.<\/p>\n<p><a href=\"https:\/\/retirada37.com\/wp-content\/uploads\/2024\/10\/A5-Dronne-RECTO-08b307c0.webp\"><img loading=\"lazy\" decoding=\"async\" src=\"https:\/\/retirada37.com\/wp-content\/uploads\/2024\/10\/A5-Dronne-RECTO-08b307c0.webp\" alt=\"\" width=\"1196\" height=\"1685\" class=\"alignnone size-full wp-image-18635\" srcset=\"https:\/\/retirada37.com\/wp-content\/uploads\/2024\/10\/A5-Dronne-RECTO-08b307c0.webp 1196w, https:\/\/retirada37.com\/wp-content\/uploads\/2024\/10\/A5-Dronne-RECTO-08b307c0-213x300.webp 213w, https:\/\/retirada37.com\/wp-content\/uploads\/2024\/10\/A5-Dronne-RECTO-08b307c0-727x1024.webp 727w, https:\/\/retirada37.com\/wp-content\/uploads\/2024\/10\/A5-Dronne-RECTO-08b307c0-768x1082.webp 768w, https:\/\/retirada37.com\/wp-content\/uploads\/2024\/10\/A5-Dronne-RECTO-08b307c0-1090x1536.webp 1090w\" sizes=\"auto, (max-width: 1196px) 100vw, 1196px\" \/><\/a><\/p>\n<p>Afin de vous offrir une \u00e9dition collector de cette m\u00e9moire, nous ouvrons une pr\u00e9-vente.<\/p>\n<p>Vous pouvez d\u2019ores et d\u00e9j\u00e0 r\u00e9server votre ou vos exemplaires aupr\u00e8s de l\u2019association<\/p>\n<p>ATTENTION :<\/p>\n<p>COMPTE TENU DU TEMPS PRIS PAR NOS RECHERCHES POUR SILLONNER LA M\u00c9MOIRE DE LA NUEVE JUSQU\u2019\u00c0 NOS JOURS, L\u2019OUVRAGE NE SERA DISPONIBLE QUE D\u00c9BUT D\u00c9CEMBRE (contrairement \u00e0 ce qui est annonc\u00e9 sur l\u2019affiche, novembre)<\/p>\n<p>P.-S : VOUS POUVEZ ENVOYER VOTRE COMMANDE \u00c0 L\u2019ADRESSE DE L\u2019ASSOCIATION<\/p>\n<p>24 AO\u00dbT 1944<\/p>\n<p>22 RUE M\u00c9LINGUE<\/p>\n<p>75019 PARIS<\/p>\n","protected":false},"excerpt":{"rendered":"<p>L\u2019association24 Ao\u00fbt 1944 &#8211; La Nueve a d\u00e9cid\u00e9 de r\u00e9 \u00e9diter : Les carnets de route d\u2019un crois\u00e9 de la France libre et l\u2019hallali de Paris \u00e0 Berchtesgaden, dans leur int\u00e9gralit\u00e9. Ces textes seront suivi des Chemins de la m\u00e9moire, afin de suivre la transmission de la m\u00e9moire de la Nueve de 1944 (\u00e0 Paris) &hellip; <a href=\"https:\/\/retirada37.com\/?p=18634\" class=\"more-link\">Continuer la lecture de <span class=\"screen-reader-text\">Fran\u00e7ais Libres et R\u00e9publicains Espagnols contre le nazis<\/span>  <span class=\"meta-nav\">&rarr;<\/span><\/a><\/p>\n","protected":false},"author":3,"featured_media":0,"comment_status":"open","ping_status":"open","sticky":false,"template":"","format":"standard","meta":{"_bbp_topic_count":0,"_bbp_reply_count":0,"_bbp_total_topic_count":0,"_bbp_total_reply_count":0,"_bbp_voice_count":0,"_bbp_anonymous_reply_count":0,"_bbp_topic_count_hidden":0,"_bbp_reply_count_hidden":0,"_bbp_forum_subforum_count":0,"footnotes":""},"categories":[2,14],"tags":[],"class_list":["post-18634","post","type-post","status-publish","format-standard","hentry","category-actualites","category-histoire"],"_links":{"self":[{"href":"https:\/\/retirada37.com\/index.php?rest_route=\/wp\/v2\/posts\/18634","targetHints":{"allow":["GET"]}}],"collection":[{"href":"https:\/\/retirada37.com\/index.php?rest_route=\/wp\/v2\/posts"}],"about":[{"href":"https:\/\/retirada37.com\/index.php?rest_route=\/wp\/v2\/types\/post"}],"author":[{"embeddable":true,"href":"https:\/\/retirada37.com\/index.php?rest_route=\/wp\/v2\/users\/3"}],"replies":[{"embeddable":true,"href":"https:\/\/retirada37.com\/index.php?rest_route=%2Fwp%2Fv2%2Fcomments&post=18634"}],"version-history":[{"count":1,"href":"https:\/\/retirada37.com\/index.php?rest_route=\/wp\/v2\/posts\/18634\/revisions"}],"predecessor-version":[{"id":18636,"href":"https:\/\/retirada37.com\/index.php?rest_route=\/wp\/v2\/posts\/18634\/revisions\/18636"}],"wp:attachment":[{"href":"https:\/\/retirada37.com\/index.php?rest_route=%2Fwp%2Fv2%2Fmedia&parent=18634"}],"wp:term":[{"taxonomy":"category","embeddable":true,"href":"https:\/\/retirada37.com\/index.php?rest_route=%2Fwp%2Fv2%2Fcategories&post=18634"},{"taxonomy":"post_tag","embeddable":true,"href":"https:\/\/retirada37.com\/index.php?rest_route=%2Fwp%2Fv2%2Ftags&post=18634"}],"curies":[{"name":"wp","href":"https:\/\/api.w.org\/{rel}","templated":true}]}}