{"id":18615,"date":"2024-10-02T15:35:27","date_gmt":"2024-10-02T14:35:27","guid":{"rendered":"http:\/\/retirada37.com\/?p=18615"},"modified":"2024-10-02T15:35:27","modified_gmt":"2024-10-02T14:35:27","slug":"presence-de-caminar-a-la-ceremonie-du-80eme-anniversaire-de-la-liberation-de-paris","status":"publish","type":"post","link":"https:\/\/retirada37.com\/?p=18615","title":{"rendered":"Pr\u00e9sence de Caminar \u00e0 la c\u00e9r\u00e9monie du 80\u00e8me anniversaire de la Lib\u00e9ration de Paris"},"content":{"rendered":"<p>Cette ann\u00e9e, <strong>c\u2019est l\u2019association Retirada37<\/strong>, et plus pr\u00e9cis\u00e9ment sa pr\u00e9sidente Fernande LOPEZ, qui a repr\u00e9sent\u00e9 Caminar.<\/p>\n<p><a href=\"https:\/\/retirada37.com\/wp-content\/uploads\/2024\/10\/80eme-anniversaire-Liberation-de-Paris-2.jpg\"><img loading=\"lazy\" decoding=\"async\" src=\"https:\/\/retirada37.com\/wp-content\/uploads\/2024\/10\/80eme-anniversaire-Liberation-de-Paris-2.jpg\" alt=\"\" width=\"1072\" height=\"878\" class=\"alignnone size-full wp-image-18616\" srcset=\"https:\/\/retirada37.com\/wp-content\/uploads\/2024\/10\/80eme-anniversaire-Liberation-de-Paris-2.jpg 1072w, https:\/\/retirada37.com\/wp-content\/uploads\/2024\/10\/80eme-anniversaire-Liberation-de-Paris-2-300x246.jpg 300w, https:\/\/retirada37.com\/wp-content\/uploads\/2024\/10\/80eme-anniversaire-Liberation-de-Paris-2-1024x839.jpg 1024w, https:\/\/retirada37.com\/wp-content\/uploads\/2024\/10\/80eme-anniversaire-Liberation-de-Paris-2-768x629.jpg 768w\" sizes=\"auto, (max-width: 1072px) 100vw, 1072px\" \/><\/a><\/p>\n<p>Du fait des jeux olympiques, la c\u00e9r\u00e9monie s&rsquo;est d\u00e9roul\u00e9e Place Denfert-Rochereau, une vingtaine de m\u00e8tres au-dessus du lieu hautement symbolique, o\u00f9 se trouvait le QG du colonel Rol-Tanguy, commandant r\u00e9gional des Forces fran\u00e7aises de l\u2019int\u00e9rieur (FFI).<\/p>\n<p>Les porte-drapeaux \u00e9taient situ\u00e9s \u00e0 c\u00f4t\u00e9 des ch\u0153urs de l&rsquo;Arm\u00e9e Fran\u00e7aise.<br \/>\n\u00ab Ces hommes dont nous comm\u00e9morons ici aujourd\u2019hui le talent, le courage, la force, l\u2019\u00e9nergie, l\u2019inspiration \u2026 ont marqu\u00e9 l\u2019histoire europ\u00e9enne, l\u2019histoire de nos libert\u00e9s, c\u2019est aussi ce que signifie cette comm\u00e9moration \u00bb, a d\u00e9clar\u00e9 lors de la c\u00e9r\u00e9monie Anne Hidalgo.<\/p>\n<p>L\u2019hommage a eu lieu en pr\u00e9sence de B\u00e9n\u00e9dicte de Francqueville, dernier enfant encore vivant du g\u00e9n\u00e9ral Leclerc, et de Claire Rol-Tanguy, fille du colonel Rol-Tanguy.<\/p>\n<p>La veille, samedi, un hommage avait \u00e9t\u00e9 rendu aux 160 hommes de la Nueve, la 9e compagnie du r\u00e9giment de marche du Tchad, pour la plupart des r\u00e9publicains espagnols, qui ont \u00e9t\u00e9 les premiers \u00e0 p\u00e9n\u00e9trer dans Paris au soir du 24 ao\u00fbt. Ces derniers ont jou\u00e9 un r\u00f4le actif dans la lib\u00e9ration de la capitale au sein de la \u00ab colonne Dronne \u00bb, avant-garde de la 2e DB.<\/p>\n<p>Rappelons qu&rsquo;il a fallu attendre 2012 pour qu\u2019ils soient pleinement c\u00e9l\u00e9br\u00e9s, que le drapeau de la R\u00e9publique espagnole flotte \u00e0 c\u00f4t\u00e9 des drapeaux fran\u00e7ais.<\/p>\n<p>Le d\u00e9roulement de la c\u00e9r\u00e9monie ainsi que l&rsquo;\u00e9vocation historique ont \u00e9t\u00e9 de grand niveau, et la place des Espagnols a \u00e9t\u00e9 bien retrac\u00e9e.<\/p>\n<p>A la fin de la c\u00e9r\u00e9monie, tous les porte-drapeaux se sont mis devant pour le salut aux drapeaux.<\/p>\n<p>Anne Hidalgo nous a chaleureusement remerci\u00e9s pour notre participation, ainsi que la Secr\u00e9taire d&rsquo;Etat au travail de m\u00e9moire nous a aussi largement salu\u00e9 et nous a demand\u00e9 de poursuivre nos actions pour la reconnaissance de notre histoire.<br \/>\nUn passage des avions de la Patrouille de France dans le ciel parisien a conclu la c\u00e9r\u00e9monie.<\/p>\n<p><a href=\"https:\/\/retirada37.com\/wp-content\/uploads\/2024\/10\/80eme-anniversaire-Liberation-de-Paris-3.jpg\"><img loading=\"lazy\" decoding=\"async\" src=\"https:\/\/retirada37.com\/wp-content\/uploads\/2024\/10\/80eme-anniversaire-Liberation-de-Paris-3.jpg\" alt=\"\" width=\"900\" height=\"1200\" class=\"alignnone size-full wp-image-18617\" srcset=\"https:\/\/retirada37.com\/wp-content\/uploads\/2024\/10\/80eme-anniversaire-Liberation-de-Paris-3.jpg 900w, https:\/\/retirada37.com\/wp-content\/uploads\/2024\/10\/80eme-anniversaire-Liberation-de-Paris-3-225x300.jpg 225w, https:\/\/retirada37.com\/wp-content\/uploads\/2024\/10\/80eme-anniversaire-Liberation-de-Paris-3-768x1024.jpg 768w\" sizes=\"auto, (max-width: 900px) 100vw, 900px\" \/><\/a><\/p>\n","protected":false},"excerpt":{"rendered":"<p>Cette ann\u00e9e, c\u2019est l\u2019association Retirada37, et plus pr\u00e9cis\u00e9ment sa pr\u00e9sidente Fernande LOPEZ, qui a repr\u00e9sent\u00e9 Caminar. Du fait des jeux olympiques, la c\u00e9r\u00e9monie s&rsquo;est d\u00e9roul\u00e9e Place Denfert-Rochereau, une vingtaine de m\u00e8tres au-dessus du lieu hautement symbolique, o\u00f9 se trouvait le QG du colonel Rol-Tanguy, commandant r\u00e9gional des Forces fran\u00e7aises de l\u2019int\u00e9rieur (FFI). Les porte-drapeaux \u00e9taient &hellip; <a href=\"https:\/\/retirada37.com\/?p=18615\" class=\"more-link\">Continuer la lecture de <span class=\"screen-reader-text\">Pr\u00e9sence de Caminar \u00e0 la c\u00e9r\u00e9monie du 80\u00e8me anniversaire de la Lib\u00e9ration de Paris<\/span>  <span class=\"meta-nav\">&rarr;<\/span><\/a><\/p>\n","protected":false},"author":3,"featured_media":0,"comment_status":"open","ping_status":"open","sticky":false,"template":"","format":"standard","meta":{"_bbp_topic_count":0,"_bbp_reply_count":0,"_bbp_total_topic_count":0,"_bbp_total_reply_count":0,"_bbp_voice_count":0,"_bbp_anonymous_reply_count":0,"_bbp_topic_count_hidden":0,"_bbp_reply_count_hidden":0,"_bbp_forum_subforum_count":0,"footnotes":""},"categories":[2,14],"tags":[],"class_list":["post-18615","post","type-post","status-publish","format-standard","hentry","category-actualites","category-histoire"],"_links":{"self":[{"href":"https:\/\/retirada37.com\/index.php?rest_route=\/wp\/v2\/posts\/18615","targetHints":{"allow":["GET"]}}],"collection":[{"href":"https:\/\/retirada37.com\/index.php?rest_route=\/wp\/v2\/posts"}],"about":[{"href":"https:\/\/retirada37.com\/index.php?rest_route=\/wp\/v2\/types\/post"}],"author":[{"embeddable":true,"href":"https:\/\/retirada37.com\/index.php?rest_route=\/wp\/v2\/users\/3"}],"replies":[{"embeddable":true,"href":"https:\/\/retirada37.com\/index.php?rest_route=%2Fwp%2Fv2%2Fcomments&post=18615"}],"version-history":[{"count":1,"href":"https:\/\/retirada37.com\/index.php?rest_route=\/wp\/v2\/posts\/18615\/revisions"}],"predecessor-version":[{"id":18618,"href":"https:\/\/retirada37.com\/index.php?rest_route=\/wp\/v2\/posts\/18615\/revisions\/18618"}],"wp:attachment":[{"href":"https:\/\/retirada37.com\/index.php?rest_route=%2Fwp%2Fv2%2Fmedia&parent=18615"}],"wp:term":[{"taxonomy":"category","embeddable":true,"href":"https:\/\/retirada37.com\/index.php?rest_route=%2Fwp%2Fv2%2Fcategories&post=18615"},{"taxonomy":"post_tag","embeddable":true,"href":"https:\/\/retirada37.com\/index.php?rest_route=%2Fwp%2Fv2%2Ftags&post=18615"}],"curies":[{"name":"wp","href":"https:\/\/api.w.org\/{rel}","templated":true}]}}