{"id":18597,"date":"2024-08-22T16:52:25","date_gmt":"2024-08-22T15:52:25","guid":{"rendered":"http:\/\/retirada37.com\/?p=18597"},"modified":"2024-08-22T16:54:05","modified_gmt":"2024-08-22T15:54:05","slug":"la-nueve-4","status":"publish","type":"post","link":"https:\/\/retirada37.com\/?p=18597","title":{"rendered":"La Nueve"},"content":{"rendered":"<p><em>La 9e compagnie du r\u00e9giment de marche du Tchad, qui faisait lui-m\u00eame partie de la2e division blind\u00e9e ou Division Leclerc, a \u00e9t\u00e9 surnomm\u00e9e la Nueve (chiffre \u00ab neuf \u00bb en espagnol). Cette compagnie enr\u00f4lait 160 hommes dont 146 r\u00e9publicains espagnols souvent anarchistes, mais aussi des soldats fran\u00e7ais, sous commandement fran\u00e7ais. Tous avaient combattu lors de la Lib\u00e9ration de l\u2019Afrique du nord, puis particip\u00e8rent \u00e0 la lib\u00e9ration de la France.<\/em><\/p>\n<p><a href=\"https:\/\/retirada37.com\/wp-content\/uploads\/2024\/08\/nue-e8f18.jpg\"><img loading=\"lazy\" decoding=\"async\" src=\"https:\/\/retirada37.com\/wp-content\/uploads\/2024\/08\/nue-e8f18.jpg\" alt=\"\" width=\"283\" height=\"300\" class=\"alignnone size-full wp-image-18598\" \/><\/a><\/p>\n<p>Son fait d\u2019armes le plus connu est la participation \u00e0 la lib\u00e9ration de Paris, puisque les hommes de la Nueve furent les premiers \u00e0 entrer dans la capitale fran\u00e7aise au soir du 24 ao\u00fbt 1944 avec des halftracks portant les noms de batailles de la guerre d\u2019Espagne, \u00ab Teruel \u00bb, \u00ab Guadalajara \u00bb, soigneusement rebaptis\u00e9s pour les c\u00e9r\u00e9monies du lendemain 25 ao\u00fbt, \u00ab Montmirail \u00bb, \u00ab Champaubert \u00bb ou \u00ab Romilly \u00bb, et des \u00e9l\u00e9ments du g\u00e9nie.<\/p>\n<p><strong>Origines et formation de la 9e compagnie<\/strong><\/p>\n<p>Le 22 juin 1940, l\u2019Allemagne impose l\u2019armistice \u00e0 la France. Les territoires de l\u2019Afrique du Nord fran\u00e7aise se rallient au gouvernement de Vichy. Celui-ci se m\u00e9fie des r\u00e9fugi\u00e9s espagnols, r\u00e9publicains qui ont fui l\u2019Espagne franquiste apr\u00e8s 1939. Ces r\u00e9fugi\u00e9s sont pouss\u00e9s \u00e0 choisir entre le travail forc\u00e9 en France m\u00e9tropolitaine, l\u2019enr\u00f4lement dans la L\u00e9gion \u00e9trang\u00e8re ou le rapatriement en Espagne. Pour des raisons \u00e9videntes, la plupart des v\u00e9t\u00e9rans de la guerre civile espagnole choisissent d\u2019\u00eatre int\u00e9gr\u00e9s \u00e0 l\u2019arm\u00e9e fran\u00e7aise. Apr\u00e8s le d\u00e9barquement alli\u00e9 du 8 novembre 1942 en Afrique du Nord, les autorit\u00e9s fran\u00e7aises cr\u00e9ent le Corps franc d\u2019Afrique, un corps r\u00e9gulier pour les combattants non-fran\u00e7ais, comme le capitaine Buiza, ancien amiral de la marine r\u00e9publicaine. Il est en grande partie compos\u00e9 d\u2019Espagnols. Ils participent aux combats \u00e0 partir de d\u00e9cembre 1942 contrel\u2019Afrika Korps en Tunisie. Les combats se poursuivent durant la premi\u00e8re moiti\u00e9 de l\u2019ann\u00e9e 1943, jusqu\u2019\u00e0 la conqu\u00eate du port de Bizerte, qui marque la fin des combats en Afrique du nord.<\/p>\n<p>Le choix fut pos\u00e9 aux Espagnols d\u2019int\u00e9grer la division Leclerc ou les forces du g\u00e9n\u00e9ral Giraud, qui venait de se rallier aux forces fran\u00e7aises libres. La division Leclerc avait \u00e9t\u00e9 constitu\u00e9e \u00e0 partir de mai 1943 sous le nom de 2e division fran\u00e7aise libre, puis en ao\u00fbt apr\u00e8s la fusion des FFL et de l\u2019Arm\u00e9e d\u2019Afrique, sous son nom d\u00e9finitif de 2e division blind\u00e9e, sous le commandement dug\u00e9n\u00e9ral Leclerc, en Libye. La plupart des Espagnols rejoignirent les unit\u00e9s de Leclerc. Elle comptait 16 000 hommes, dont 2 000 Espagnols au d\u00e9but de l\u2019ann\u00e9e 1943. Ils \u00e9taient particuli\u00e8rement nombreux dans la 9e compagnie, 1re compagnie du 3e bataillon, ce qui lui valut le nom de la Nueve ou la Espa\u00f1ola. Elle fut plac\u00e9e sous le commandement du Fran\u00e7ais Raymond Dronne. La plupart des hommes \u00e9taient des socialistes, des communistes, des anarchistes ou des non-encart\u00e9s hostiles \u00e0 Franco, d\u2019autres des d\u00e9serteurs des camps de concentration r\u00e9serv\u00e9s aux r\u00e9fugi\u00e9s espagnols en Alg\u00e9rie ou au Maroc. Ils \u00e9taient bien des soldats de l\u2019arm\u00e9e fran\u00e7aise, en aucun cas une arm\u00e9e autonome, bien qu\u2019il leur f\u00fbt permis d\u2019arborer le drapeau tricolore r\u00e9publicain sur leurs uniformes. La compagnie \u00e9tant presque enti\u00e8rement espagnole, la langue utilis\u00e9e et l\u2019encadrement (sous-officiers, officiers) \u00e9taient \u00e9galement espagnols.<\/p>\n<p>En septembre 1943, la compagnie, avec l\u2019ensemble de la division, est transf\u00e9r\u00e9e \u00e0 Rabat, au Maroc, o\u00f9 la division re\u00e7oit un \u00e9quipement am\u00e9ricain : 160 chars de combat M4 Sherman, 280 blind\u00e9s half-track M3 et M-8 Greyhound, camions Dodge, GMC, Brockway, Diamond et nombreuses jeeps. Les Espagnols donnent \u00e0 leur v\u00e9hicules des noms originaux, rappelant pour la plupart des \u00e9v\u00e9nements de la guerre d\u2019Espagne. La jeep de l\u2019unit\u00e9 de contr\u00f4le est baptis\u00e9e \u00ab Mort aux cons \u00bb et le halftrack \u00ab Les Cosaques \u00bb. La 1re section de combat baptise ses v\u00e9hicules \u00ab Don Quichotte \u00bb, \u00ab Cap Serrat \u00bb, \u00ab Les Pingouins \u00bb d\u2019apr\u00e8s le surnom \u00ab Espingouins \u00bb donn\u00e9 par les soldats fran\u00e7ais aux Espagnols (le nom de \u00ab Buenaventura Durruti \u00bb, propos\u00e9 par des anarchistes, est refus\u00e9 par les sup\u00e9rieurs fran\u00e7ais), \u00ab Madrid \u00bb et Guernica. La 2e section de combat donne \u00e0 seshaltracks les noms de \u00ab R\u00e9sistance \u00bb, \u00ab Teruel \u00bb, \u00ab Espa\u00f1a Ca\u00f1i \u00bb (puis \u00ab Lib\u00e9ration \u00bb), \u00ab Nous Voil\u00e0 \u00bb et \u00ab Ebro \u00bb. La 3e section de combat baptise les siens \u00ab Tunisie \u00bb, \u00ab Brunete \u00bb \u00ab Amiral Buiza \u00bb, \u00ab Guadalajara \u00bb, \u00ab El Canguro \u00bb et \u00ab Santander \u00bb ; les noms de \u00ab Catapulte \u00bb, \u00ab Belchite \u00bb, Rescousse pour le halftrack de d\u00e9pannage sont aussi utilis\u00e9s. Les \u00e9quipages d\u2019origine espagnole furent \u00e9galement autoris\u00e9s \u00e0 peindre le drapeau de la Seconde R\u00e9publique espagnole sur leurs v\u00e9hicules blind\u00e9s.<\/p>\n<p><strong>Op\u00e9rations : de la Normandie \u00e0 Berchtesgaden<\/strong><\/p>\n<p>La division Leclerc est transf\u00e9r\u00e9e du Maroc en Grande-Bretagne et ne d\u00e9barque en Normandie qu\u2019au d\u00e9but d\u2019ao\u00fbt 1944. La 9e compagnie d\u00e9barque sur la plage d\u2019Utah Beach, dans la nuit du 31 juillet au 1er ao\u00fbt 1944. La2e DB est alors int\u00e9gr\u00e9e \u00e0 la 3e arm\u00e9e am\u00e9ricaine, dirig\u00e9e par le g\u00e9n\u00e9ral George Patton. La Nueve est engag\u00e9e dans des combats contre des unit\u00e9s allemandes aux alentours de Ch\u00e2teau-Gontier et Alen\u00e7on. Du 13 au 18 ao\u00fbt, la compagnie combat en avant-garde de la division \u00e0 \u00c9couch\u00e9. Elle fait prisonniers 130 soldats allemands. Le 16, les divisions Waffen-SS Adolf Hitler et Das Reich, les 9e et 116e divisions Panzer et la 3e division parachutiste attaquent la 2e DB : les combats durent jusqu\u2019\u00e0 l\u2019arriv\u00e9e de la 2e arm\u00e9e britannique en renfort. Le caract\u00e8re des anarchistes combattant dans l\u2019unit\u00e9 se r\u00e9v\u00e8le lors de cette bataille : une unit\u00e9 de mortiers fait ainsi un coup de main 3 km en arri\u00e8re des lignes allemandes le 14 ao\u00fbt, faisant 130 prisonniers et s\u2019emparant en outre de 13 v\u00e9hicules, et lib\u00e9rant 8 Am\u00e9ricains.<\/p>\n<p>La ville de Paris se soul\u00e8ve contre l\u2019occupation allemande, le 20 ao\u00fbt 1944. Charles de Gaulle insiste aupr\u00e8s du commandement supr\u00eame des forces alli\u00e9es pour que les troupes fran\u00e7aises libres soutiennent cette insurrection. De Gaulle soutient Leclerc, qui veut tirer parti de l\u2019insurrection de la R\u00e9sistance fran\u00e7aise pour lib\u00e9rer rapidement Paris. Le 23 ao\u00fbt 1944, la compagnie se met en route avec toute la division, en direction de Paris. Le 24 ao\u00fbt, vers 20 heures, la 9e compagnie, accompagnant un peloton de chars du 501e RCC, entre dans Paris par la porte d\u2019Italie. C\u2019est la section du lieutenant Amado Granell qui parvient la premi\u00e8re \u00e0 l\u2019H\u00f4tel de ville, \u00e0 21 h . Parmi les unit\u00e9s arriv\u00e9es place de l\u2019H\u00f4tel-de-Ville, le halftrack \u00ab Ebro \u00bb tire les premiers coups de feu contre un ensemble de mitrailleuses allemandes. Le lieutenant Amado Granell, ex-capitaine anarchiste de la Colonne de fer, est le premier officier \u00ab fran\u00e7ais \u00bb re\u00e7u par le Conseil national de la R\u00e9sistance. En attendant la capitulation du g\u00e9n\u00e9ral allemand von Choltitz, gouverneur de Paris, la Nueve est envoy\u00e9e pour occuper la Chambre des d\u00e9put\u00e9s, l\u2019h\u00f4tel Majestic (si\u00e8ge de la Gestapo \u00e0 Paris) et la place de la Concorde. Dans l\u2019apr\u00e8s-midi du 25 ao\u00fbt, \u00e0 15 h 30, la garnison allemande se rend, tandis que le g\u00e9n\u00e9ral von Choltitz est fait prisonnier par trois Espagnols, dont un civil vivant \u00e0 Paris, avant d\u2019\u00eatre remis \u00e0 un officier fran\u00e7ais.<\/p>\n<p>Le lendemain, les troupes alli\u00e9es entrent dans Paris en triomphe. Les Espagnols participent au d\u00e9fil\u00e9 de la victoire et forment l\u2019escorte du g\u00e9n\u00e9ral de Gaulle sur les Champs-Elys\u00e9es. Ils d\u00e9filent en portant les couleurs de la Seconde R\u00e9publique espagnole, et pendant quelques minutes, une banni\u00e8re g\u00e9ante aux m\u00eames couleurs ouvre le d\u00e9fil\u00e928. Les protestations ult\u00e9rieures du r\u00e9gime de Franco sont ignor\u00e9es par le gouvernement fran\u00e7ais. La 9e compagnie est cantonn\u00e9e au bois de Boulogne du 27 ao\u00fbt au 9 septembre, avant de repartir combattre. Le 12 septembre, la compagnie se fait remarquer \u00e0 Andelot, o\u00f9 300 soldats allemands sont faits prisonniers. Le 15, les hommes de la Nueve traversent la Moselle au niveau de Ch\u00e2tel-sur-Moselle et \u00e9tablissent une t\u00eate de pont face aux lignes allemandes. Le g\u00e9n\u00e9ral de Gaullereconnait la valeur de l\u2019unit\u00e9, et le 26 septembre, il remet personnellement des d\u00e9corations aux soldats dans la ville de Nancy. Le capitaine, Raymond Dronne, le sous-lieutenant canarien Miguel Campos, le sergent catalan Ferm\u00edn Pujol et le caporal galicien Carmi\u00f1o L\u00f3pez re\u00e7oivent la M\u00e9daille militaire et la Croix de guerre 1939-1945. Les combats en Alsace commencent en novembre 1944. Le 23 novembre, la Nueve entre dans Strasbourg, derni\u00e8re grande ville fran\u00e7aise occup\u00e9e. Le 1er janvier 1945, le capitaine Dronne leur rend hommage dans une lettre :<\/p>\n<p>\u00ab <em>Les Espagnols se sont remarquablement battus. Ils sont d\u00e9licats \u00e0 commander mais ils ont \u00e9norm\u00e9ment de courage et une grande exp\u00e9rience du combat. Certains traversent une crise morale nette due aux pertes subies et surtout aux \u00e9v\u00e9nements d\u2019Espagne.<\/em> \u00bb<\/p>\n<p>La2e DB est relev\u00e9e fin f\u00e9vrier pour cinquante jours de repos, dans la r\u00e9gion de Ch\u00e2teauroux. Fin avril, elle reprend les combats jusqu\u2019\u00e0 la prise, le 5 mai, du \u00ab Nid d\u2019Aigle \u00bb, \u00e0 Berchtesgaden. \u00c0 ce moment, les pertes de la 9e compagnie s\u2019\u00e9levaient \u00e0 35 morts et 97 bless\u00e9s. Il ne restait plus que 16 Espagnols actifs dans la Nueve, beaucoup ayant \u00e9t\u00e9 affect\u00e9s \u00e0 d\u2019autres unit\u00e9s de l\u2019arm\u00e9e fran\u00e7aise. \u00c0 la fin de la guerre, quelques-uns suivirent Leclerc en Indochine, certains partirent avec des v\u00e9hicules blind\u00e9s en direction de l\u2019Espagne franquiste, tandis que d\u2019autres retournaient \u00e0 la vie civile en acceptant la nationalit\u00e9 fran\u00e7aise qui leur \u00e9tait propos\u00e9e pour avoir combattu au sein des troupes fran\u00e7aises.<\/p>\n<p>Plus de cinquante membres de la compagnie re\u00e7urent la Croix de guerre.<\/p>\n<p><strong>Post\u00e9rit\u00e9 et hommages<\/strong><\/p>\n<p>Le r\u00f4le de ces Espagnols tombe rapidement dans l\u2019oubli. Aujourd\u2019hui, rares sont les soldats de la Nueve encore vivants, mais leur part dans la Lib\u00e9ration de la France, et surtout de Paris, est reconsid\u00e9r\u00e9e.<\/p>\n<p>C\u2019est le 25 ao\u00fbt 2004 que la ville de Paris a rendu officiellement hommage aux Espagnols de \u00ab La Nueve \u00bb. Une plaque \u00ab Aux r\u00e9publicains espagnols, composante principale de la colonne Dronne \u00bb a \u00e9t\u00e9 inaugur\u00e9e quai Henri-IV, en pr\u00e9sence de Bertrand Delano\u00eb, du pr\u00e9sident du S\u00e9nat espagnol, Francisco Javier Rojo, de l\u2019ambassadeur d\u2019Espagne, Francisco Villar, et de deux survivants, Luis Royo Iba\u00f1ez et Manuel Fernandez. Une plaque similaire a \u00e9t\u00e9 pos\u00e9e square Gustave-Mesureur, place Pinel (Paris 13e), une autre au centre de la place Nationale, (Paris 13e).<\/p>\n<p>Le 24 f\u00e9vrier 2010, la mairie de Paris a remis la Grande M\u00e9daille de Vermeil \u00e0 Manuel Fernandez, Luis Royo Iba\u00f1ez et Rapha\u00ebl Gomez<\/p>\n<p>Le 25 ao\u00fbt 2012, des militants anarchistes venus c\u00e9l\u00e9brer la m\u00e9moire des combattants libertaires de La Nueve lors de la c\u00e9r\u00e9monie publique, ont \u00e9t\u00e9 arr\u00eat\u00e9s pour \u00ab attroupement ill\u00e9gal \u00bb.<\/p>\n<p>En 2014, l\u2019association ao\u00fbt organise des manifestations pour comm\u00e9morer les 70 ans de la lib\u00e9ration de Paris, en pr\u00e9sence de Rafael Gomez<\/p>\n<p>En mars 2015, \u00e0 Paris, le jardin de l\u2019H\u00f4tel de Ville est renomm\u00e9 \u00ab jardin des Combattants de la Nueve \u00bb ; une c\u00e9r\u00e9monie est pr\u00e9vue en pr\u00e9sence du roi et et de la reine d\u2019Espagne Felipe VI et Letizia ainsi que de la maire de Paris Anne Hidalgo. N\u00e9anmoins, le crash du vol 9525 Germanwings, o\u00f9 51 Espagnols trouvent la mort, \u00e9courte la visite du couple royal ; la c\u00e9r\u00e9monie d\u2019inauguration est alors report\u00e9e au 3 juin 2015<\/p>\n<p><a href=\"https:\/\/www.histoiredumonde.net\">https:\/\/www.histoiredumonde.net<\/a><\/p>\n","protected":false},"excerpt":{"rendered":"<p>La 9e compagnie du r\u00e9giment de marche du Tchad, qui faisait lui-m\u00eame partie de la2e division blind\u00e9e ou Division Leclerc, a \u00e9t\u00e9 surnomm\u00e9e la Nueve (chiffre \u00ab neuf \u00bb en espagnol). Cette compagnie enr\u00f4lait 160 hommes dont 146 r\u00e9publicains espagnols souvent anarchistes, mais aussi des soldats fran\u00e7ais, sous commandement fran\u00e7ais. Tous avaient combattu lors de &hellip; <a href=\"https:\/\/retirada37.com\/?p=18597\" class=\"more-link\">Continuer la lecture de <span class=\"screen-reader-text\">La Nueve<\/span>  <span class=\"meta-nav\">&rarr;<\/span><\/a><\/p>\n","protected":false},"author":3,"featured_media":0,"comment_status":"open","ping_status":"open","sticky":false,"template":"","format":"standard","meta":{"_bbp_topic_count":0,"_bbp_reply_count":0,"_bbp_total_topic_count":0,"_bbp_total_reply_count":0,"_bbp_voice_count":0,"_bbp_anonymous_reply_count":0,"_bbp_topic_count_hidden":0,"_bbp_reply_count_hidden":0,"_bbp_forum_subforum_count":0,"footnotes":""},"categories":[14],"tags":[],"class_list":["post-18597","post","type-post","status-publish","format-standard","hentry","category-histoire"],"_links":{"self":[{"href":"https:\/\/retirada37.com\/index.php?rest_route=\/wp\/v2\/posts\/18597","targetHints":{"allow":["GET"]}}],"collection":[{"href":"https:\/\/retirada37.com\/index.php?rest_route=\/wp\/v2\/posts"}],"about":[{"href":"https:\/\/retirada37.com\/index.php?rest_route=\/wp\/v2\/types\/post"}],"author":[{"embeddable":true,"href":"https:\/\/retirada37.com\/index.php?rest_route=\/wp\/v2\/users\/3"}],"replies":[{"embeddable":true,"href":"https:\/\/retirada37.com\/index.php?rest_route=%2Fwp%2Fv2%2Fcomments&post=18597"}],"version-history":[{"count":1,"href":"https:\/\/retirada37.com\/index.php?rest_route=\/wp\/v2\/posts\/18597\/revisions"}],"predecessor-version":[{"id":18599,"href":"https:\/\/retirada37.com\/index.php?rest_route=\/wp\/v2\/posts\/18597\/revisions\/18599"}],"wp:attachment":[{"href":"https:\/\/retirada37.com\/index.php?rest_route=%2Fwp%2Fv2%2Fmedia&parent=18597"}],"wp:term":[{"taxonomy":"category","embeddable":true,"href":"https:\/\/retirada37.com\/index.php?rest_route=%2Fwp%2Fv2%2Fcategories&post=18597"},{"taxonomy":"post_tag","embeddable":true,"href":"https:\/\/retirada37.com\/index.php?rest_route=%2Fwp%2Fv2%2Ftags&post=18597"}],"curies":[{"name":"wp","href":"https:\/\/api.w.org\/{rel}","templated":true}]}}