{"id":18595,"date":"2024-08-22T16:05:40","date_gmt":"2024-08-22T15:05:40","guid":{"rendered":"http:\/\/retirada37.com\/?p=18595"},"modified":"2024-08-22T16:05:40","modified_gmt":"2024-08-22T15:05:40","slug":"rafael-gomez-nieto-de-la-guerre-civile-espagnole-a-la-liberation-de-paris","status":"publish","type":"post","link":"https:\/\/retirada37.com\/?p=18595","title":{"rendered":"Rafael Gomez Nieto, de la guerre civile espagnole \u00e0 la lib\u00e9ration de Paris"},"content":{"rendered":"<p>Rappel sur qui \u00e9tait Rafael Gomez Nieto<\/p>\n<p>Les Espagnols de la Nueve, v\u00e9t\u00e9rans de la guerre face \u00e0 Franco et combattants acharn\u00e9s de la libert\u00e9, furent les premiers soldats de Leclerc \u00e0 entrer dans Paris, la veille de sa lib\u00e9ration. Parmi eux, Rafael Gomez Nieto, mort \u00e0 Strasbourg des suites du coronavirus covid-19.<\/p>\n<p>Aur\u00e9lien Soucheyre<\/p>\n<p>Le soir du 24 ao\u00fbt 1944, Rafael Gomez Nieto\u00a0fut l\u2019un des tout premiers membres de la 2e\u00a0division blind\u00e9e de Leclerc \u00e0 entrer dans\u00a0Paris. Il faisait partie de la Nueve, la neuvi\u00e8me\u00a0compagnie, presque enti\u00e8rement\u00a0compos\u00e9e de r\u00e9publicains espagnols, d\u00e9termin\u00e9s\u00a0\u00e0 en d\u00e9coudre avec le fascisme,\u00a0en Espagne ou ailleurs.\u00a0\u00ab Comme toujours, on \u00e9tait en\u00a0premi\u00e8re ligne. On \u00e9tait un bataillon de choc. On a re\u00e7u\u00a0l\u2019ordre de prendre la mairie. Je conduisais le half-track\u00a0qu\u2019on avait appel\u00e9 Guernica. On est entr\u00e9 par la porte\u00a0d\u2019Italie, et on a fonc\u00e9 vers l\u2019H\u00f4tel de Ville. Je me suis gar\u00e9\u00a0devant. Les hommes sont entr\u00e9s. Moi, je suis rest\u00e9 avec\u00a0l\u2019autochenille, car j\u2019\u00e9tais chauffeur \u00bb, se souvient le v\u00e9t\u00e9ran.\u00a0Suivront des jours d\u2019ivresse, de joie et de liesse populaire.\u00a0Et des milliers de baisers.\u00a0\u00ab Quand on entre dans une ville\u00a0opprim\u00e9e, le lib\u00e9rateur, les filles lui sautent dessus ! \u00bb\u00a0\u00a0s\u2019amuse-t-il. La Nueve eut ensuite l\u2019honneur d\u2019ouvrir le\u00a0d\u00e9fil\u00e9 sur les Champs-\u00c9lys\u00e9es, et de prot\u00e9ger en personne\u00a0le g\u00e9n\u00e9ral de Gaulle. Point d\u2019orgue d\u2019une \u00e9pop\u00e9e qui,\u00a0pour beaucoup, avait commenc\u00e9 en 1936, en Espagne, et\u00a0allait s\u2019achever, pour les derniers survivants, dans le nid\u00a0d\u2019aigle d\u2019Hitler, \u00e0 Berchtesgaden, en 1945.\u00a0\u00ab Je suis n\u00e9 en 1921, \u00e0 proximit\u00e9 d\u2019Almeria, en Andalousie.\u00a0Mon p\u00e8re, carabinier, avait fait partie de la garde du roi\u00a0Alphonse XIII dans sa jeunesse. C\u2019\u00e9tait un militaire de\u00a0carri\u00e8re, fid\u00e8le aux institutions de la Seconde R\u00e9publique\u00a0d\u00e8s sa proclamation, en 1931. Il l\u2019a d\u00e9fendue jusqu\u2019au bout,\u00a0sans \u00e9tat d\u2019\u00e2me. \u00bb\u00a0En 1939, les franquistes remportent la\u00a0guerre civile. La famille de Rafael fuit de l\u2019autre c\u00f4t\u00e9 des\u00a0Pyr\u00e9n\u00e9es, o\u00f9 elle se retrouve parqu\u00e9e par les autorit\u00e9s\u00a0fran\u00e7aises dans d\u2019immondes camps de concentration,\u00a0avec des milliers d\u2019autres r\u00e9fugi\u00e9s.\u00a0\u00ab Oh, c\u2019\u00e9tait bien ! La\u00a0plage ! En plein hiver ! On a pass\u00e9 de bonnes vacances ! \u00bb\u00a0ironise, le regard dur et la voix tendue, celui qui a connu\u00a0les coups de crosse, la faim, la vraie faim, le froid et les poux.<br \/>\n\u00a0<br \/>\nUne compagnie de choc \u00e0 la solide r\u00e9putation, \u00a0toujours en premi\u00e8re ligne\u00a0Avec des faux papiers, Rafael et son p\u00e8re se font passer\u00a0pour deux fr\u00e8res, et sortent du camp de Saint-Cyprien,\u00a0r\u00e9clam\u00e9s par un oncle bas\u00e9 \u00e0 Oran.\u00a0\u00ab Je suis devenu apprenti\u00a0cordonnier et puis, sur un coup de t\u00eate, je me suis engag\u00e9\u00a0dans les Corps francs d\u2019Afrique apr\u00e8s le d\u00e9barquement\u00a0alli\u00e9. \u00bb\u00a0Le jeune homme prend les armes, et retrouve de\u00a0nombreux v\u00e9t\u00e9rans de la guerre d\u2019Espagne,\u00a0chahut\u00e9s par le destin, qui convergent\u00a0vers les troupes de Giraud puis de Leclerc\u00a0pour en d\u00e9coudre avec les nazis.\u00a0\u00ab Ah ! On\u00a0a pass\u00e9 du bon temps avec les Allemands !\u00a0Et eux avec nous\u2026 La guerre\u2026 \u00bb, gronde\u00a0Rafael, un \u00e9clair dans le regard, avant de\u00a0baisser les yeux.<br \/>\n\u00a0<br \/>\n\u00ab Il fallait bien continuer. En finir avec les\u00a0nazis\u00a0\u00bb\u00a0<br \/>\n\u00a0<br \/>\nLa Nueve fut constitu\u00e9e en 1943, au Maghreb. arm\u00e9e par les Am\u00e9ricains, cette compagnie\u00a0fran\u00e7aise comptait 160 hommes, dont 146 Espagnols,\u00a0pour la plupart socialistes, communistes ou anarchistes.\u00a0Les soldats furent autoris\u00e9s \u00e0 arborer le drapeau de la\u00a0R\u00e9publique espagnole sur leur uniforme, et \u00e0 peindre sur\u00a0leurs v\u00e9hicules des noms aussi \u00e9vocateurs que Teruel,\u00a0Madrid et Guadalajara.\u00a0\u00ab On est parti en Angleterre, puis\u00a0on a d\u00e9barqu\u00e9 en Normandie. Ensuite, on \u00e9tait toujours en\u00a0t\u00eate. Les combats \u00e9taient tr\u00e8s durs, avec des pertes, surtout\u00a0\u00e0 \u00c9couch\u00e9 et \u00e0 Colmar. Il y avait des tanks, des flammes,\u00a0mais on ne reculait pas. Jamais. Je crois qu\u2019on\u00a0a \u00e9t\u00e9 tr\u00e8s utile. \u00bb\u00a0<br \/>\n\u00a0<br \/>\nLa compagnie se taille rapidement une\u00a0solide r\u00e9putation, s\u2019av\u00e8re d\u00e9cisive et fait\u00a0de nombreux prisonniers.\u00a0\u00ab Apr\u00e8s Paris,\u00a0il fallait bien continuer. En finir avec les\u00a0nazis. \u00c0 ce moment-l\u00e0, moi, je conduisais\u00a0le Don Quichotte. Entre nous, il y avait des\u00a0rumeurs de retour. On voulait aller en Espagne avec les armes et le mat\u00e9riel. Certains\u00a0pensaient que les Alli\u00e9s nous aideraient. Mais \u00e0 la fin, on\u00a0n\u2019\u00e9tait plus qu\u2019une dizaine en \u00e9tat de se battre. On a \u00e9t\u00e9\u00a0d\u00e9mobilis\u00e9. Chacun est parti de son c\u00f4t\u00e9 \u00bb, se rappelle,\u00a0avec pudeur, ce lib\u00e9rateur qui allait rester en exil.\u00a0\u00ab Je suis retourn\u00e9 \u00e0 Oran et je suis redevenu cordonnier. Pendant la guerre d\u2019Alg\u00e9rie, on m\u2019a mobilis\u00e9. Je devais faire\u00a0des gardes, des rondes tous les deux ou trois jours devant\u00a0les \u00e9difices publics et les usines, au cas o\u00f9. En 1958, j\u2019en ai\u00a0eu marre, j\u2019ai ferm\u00e9 mon magasin, et j\u2019ai rejoint un oncle \u00e0\u00a0Strasbourg, un anarchiste qui avait fait le maquis dans le\u00a0Vercors. \u00bb\u00a0Rafael vit toujours en Alsace aujourd\u2019hui. \u00c0\u00a0quatre-vingt-treize ans bien port\u00e9s, il profite d\u2019une retraite\u00a0amplement m\u00e9rit\u00e9e.\u00a0Une retraite cach\u00e9e, loin des honneurs qu\u2019il fuit le plus\u00a0possible. Mais pour les soixante-dix ans de la lib\u00e9ration\u00a0de Paris, le v\u00e9t\u00e9ran est revenu \u00e0 la capitale, o\u00f9 il repr\u00e9sentait, \u00a0seul, la Nueve. Le 23 juillet, il a connu un nouveau\u00a0bain de foule, entour\u00e9, salu\u00e9 et embrass\u00e9 par les spectateurs<br \/>\nd\u2019une pi\u00e8ce de th\u00e9\u00e2tre consacr\u00e9e \u00e0 sa compagnie et mise\u00a0en sc\u00e8ne par Armand Gatti. Le lendemain, il \u00e9tait l\u2019invit\u00e9\u00a0d\u2019honneur d\u2019une c\u00e9r\u00e9monie pr\u00e9sid\u00e9e par la maire de Paris,\u00a0Anne Hidalgo, o\u00f9 il fut de nouveau ovationn\u00e9.\u00a0\u00ab Ah ! On\u00a0n\u2019oublie pas. Non, on n\u2019oublie pas, qu\u2019on est entr\u00e9 les premiers.\u00a0La Nueve ! \u00bb\u00a0s\u2019\u00e9meut-il.<\/p>\n","protected":false},"excerpt":{"rendered":"<p>Rappel sur qui \u00e9tait Rafael Gomez Nieto Les Espagnols de la Nueve, v\u00e9t\u00e9rans de la guerre face \u00e0 Franco et combattants acharn\u00e9s de la libert\u00e9, furent les premiers soldats de Leclerc \u00e0 entrer dans Paris, la veille de sa lib\u00e9ration. Parmi eux, Rafael Gomez Nieto, mort \u00e0 Strasbourg des suites du coronavirus covid-19. Aur\u00e9lien Soucheyre &hellip; <a href=\"https:\/\/retirada37.com\/?p=18595\" class=\"more-link\">Continuer la lecture de <span class=\"screen-reader-text\">Rafael Gomez Nieto, de la guerre civile espagnole \u00e0 la lib\u00e9ration de Paris<\/span>  <span class=\"meta-nav\">&rarr;<\/span><\/a><\/p>\n","protected":false},"author":2,"featured_media":0,"comment_status":"open","ping_status":"open","sticky":false,"template":"","format":"standard","meta":{"_bbp_topic_count":0,"_bbp_reply_count":0,"_bbp_total_topic_count":0,"_bbp_total_reply_count":0,"_bbp_voice_count":0,"_bbp_anonymous_reply_count":0,"_bbp_topic_count_hidden":0,"_bbp_reply_count_hidden":0,"_bbp_forum_subforum_count":0,"footnotes":""},"categories":[2],"tags":[],"class_list":["post-18595","post","type-post","status-publish","format-standard","hentry","category-actualites"],"_links":{"self":[{"href":"https:\/\/retirada37.com\/index.php?rest_route=\/wp\/v2\/posts\/18595","targetHints":{"allow":["GET"]}}],"collection":[{"href":"https:\/\/retirada37.com\/index.php?rest_route=\/wp\/v2\/posts"}],"about":[{"href":"https:\/\/retirada37.com\/index.php?rest_route=\/wp\/v2\/types\/post"}],"author":[{"embeddable":true,"href":"https:\/\/retirada37.com\/index.php?rest_route=\/wp\/v2\/users\/2"}],"replies":[{"embeddable":true,"href":"https:\/\/retirada37.com\/index.php?rest_route=%2Fwp%2Fv2%2Fcomments&post=18595"}],"version-history":[{"count":1,"href":"https:\/\/retirada37.com\/index.php?rest_route=\/wp\/v2\/posts\/18595\/revisions"}],"predecessor-version":[{"id":18596,"href":"https:\/\/retirada37.com\/index.php?rest_route=\/wp\/v2\/posts\/18595\/revisions\/18596"}],"wp:attachment":[{"href":"https:\/\/retirada37.com\/index.php?rest_route=%2Fwp%2Fv2%2Fmedia&parent=18595"}],"wp:term":[{"taxonomy":"category","embeddable":true,"href":"https:\/\/retirada37.com\/index.php?rest_route=%2Fwp%2Fv2%2Fcategories&post=18595"},{"taxonomy":"post_tag","embeddable":true,"href":"https:\/\/retirada37.com\/index.php?rest_route=%2Fwp%2Fv2%2Ftags&post=18595"}],"curies":[{"name":"wp","href":"https:\/\/api.w.org\/{rel}","templated":true}]}}