{"id":18593,"date":"2024-08-22T15:16:43","date_gmt":"2024-08-22T14:16:43","guid":{"rendered":"http:\/\/retirada37.com\/?p=18593"},"modified":"2024-08-22T15:16:43","modified_gmt":"2024-08-22T14:16:43","slug":"rafael-gomez-nieto-lantifranquiste-de-la-nueve-et-liberateur-de-paris","status":"publish","type":"post","link":"https:\/\/retirada37.com\/?p=18593","title":{"rendered":"Rafael Gomez Nieto : l&rsquo;antifranquiste de la Nueve et lib\u00e9rateur de Paris"},"content":{"rendered":"<p>Combattants de la premi\u00e8re heure contre le g\u00e9n\u00e9ral Franco, les r\u00e9publicains espagnols ont \u00e9t\u00e9 les premiers \u00e0 entrer dans Paris et \u00e0 prendre l\u2019H\u00f4tel de Ville le 19 ao\u00fbt 1944, jour de la lib\u00e9ration de la capitale.<\/p>\n<p>Publi\u00e9 le 21 ao\u00fbt 2024<br \/>\nArticle Humanit\u00e9<br \/>\nAur\u00e9lien Soucheyre<\/p>\n<p>Au volant de son autochenille baptis\u00e9e Guernica qui fonce vers l\u2019h\u00f4tel de ville de Paris, Rafael Gomez Nieto pense-t-il d\u00e9j\u00e0 \u00e0 une future lib\u00e9ration de Madrid ? En cette soir\u00e9e du 24 ao\u00fbt 1944, les membres de la 9e compagnie de la 2e division blind\u00e9e de Leclerc font irruption dans la maison du peuple de la capitale fran\u00e7aise.<\/p>\n<p>La voici officiellement d\u00e9livr\u00e9e du joug nazi. La plupart des soldats qui accompagnent Rafael Gomez Nieto sont comme lui, des r\u00e9publicains espagnols qui ont combattu Franco. Ils sont si nombreux que leur troupe, arm\u00e9e par les \u00c9tats-Unis et dirig\u00e9e par des Fran\u00e7ais, est surnomm\u00e9e la \u00ab Nueve \u00bb.<\/p>\n<p>Apr\u00e8s la d\u00e9faite de 1939, de nombreux r\u00e9publicains espagnols traversent les Pyr\u00e9n\u00e9es pour poursuivre la lutte<\/p>\n<p>D\u00e9faits chez eux en 1939 par les franquistes soutenus par Hitler et Mussolini, Rafael et ses camarades ont franchi les Pyr\u00e9n\u00e9es pour poursuivre la lutte partout en Europe. D\u2019abord Paris, puis Berlin, avant de revenir \u00e0 Madrid ?<\/p>\n<p>\u00ab Il fallait en finir avec les nazis bien s\u00fbr. Mais, entre nous, il y avait aussi des \u00e9vocations de retour. On voyait plus loin. On voulait aller en Espagne avec les armes et le mat\u00e9riel. Certains pensaient que les Alli\u00e9s nous aideraient \u00bb,racontait en 2014 Rafael Gomez Nieto, dernier membre de la Nueve encore en vie lors de la c\u00e9l\u00e9bration des 70 ans de la lib\u00e9ration de Paris.<\/p>\n<p>\u00ab Je suis n\u00e9 en 1921, en Andalousie. Mon p\u00e8re avait fait partie de la garde du roi Alphonse XIII dans sa jeunesse. C\u2019\u00e9tait un militaire de carri\u00e8re, fid\u00e8le aux institutions de la seconde R\u00e9publique d\u00e8s sa proclamation, en 1931. Il l\u2019a d\u00e9fendue jusqu\u2019au bout, sans \u00e9tat d\u2019\u00e2me \u00bb, t\u00e9moignait-il alors aupr\u00e8s de l\u2019Humanit\u00e9.<\/p>\n<p>De l\u2019internement en camp de concentration \u00e0 l\u2019engagement dans les corps francs d\u2019Afrique<\/p>\n<p>Engag\u00e9 \u00e0 17 ans dans l\u2019arm\u00e9e r\u00e9publicaine espagnole, Rafael participe \u00e0 la bataille de l\u2019\u00c8bre, funeste affrontement d\u00e9cisif de la guerre d\u2019Espagne. Avec 500 000 r\u00e9publicains, hommes, femmes et enfants, vaincus, il fuit vers la France, lors de la Retirada, et se retrouve parqu\u00e9 par les autorit\u00e9s dans d\u2019immondes camps de concentration.<\/p>\n<p>\u00ab Oh, c\u2019\u00e9tait bien ! La plage ! En plein hiver ! On a pass\u00e9 de bonnes vacances ! \u00bb ironisait-il, le regard dur et la voix tendue, au sujet de son internement \u00e0 Argel\u00e8s-sur-Mer, dans les Pyr\u00e9n\u00e9es-Orientales, durant lequel il a connu l\u2019humiliation et la faim.<\/p>\n<p>Il n\u2019en perd pas pour autant sa boussole antifasciste. R\u00e9clam\u00e9 par un oncle bas\u00e9 \u00e0 Oran, il est lib\u00e9r\u00e9 et voit la France s\u2019incliner \u00e0 son tour face aux arm\u00e9es hitl\u00e9riennes. \u00ab Sur un coup de t\u00eate, je me suis engag\u00e9 dans les corps francs d\u2019Afrique apr\u00e8s le d\u00e9barquement alli\u00e9 \u00bb, se souvenait-il.<\/p>\n<p>La Nueve, v\u00e9ritable \u00ab bataillon de choc \u00bb<\/p>\n<p>Le voil\u00e0 qui reprend les armes, int\u00e9grant en 1943 la Nueve. Cette compagnie compte alors 160 hommes, dont 146 Espagnols qui r\u00eavent de lib\u00e9rer l\u2019Europe. Lui et ses fr\u00e8res sont m\u00eame autoris\u00e9s \u00e0 arborer le drapeau de la R\u00e9publique espagnole sur leur uniforme et \u00e0 peindre sur leurs v\u00e9hicules des noms aussi \u00e9vocateurs que Teruel, Madrid, Don Quichotte et Guadalajara.<\/p>\n<p>\u00ab On a d\u00e9barqu\u00e9 en Normandie. Ensuite, on \u00e9tait toujours en t\u00eate. Les combats \u00e9taient tr\u00e8s durs, avec beaucoup de pertes. Il y avait des tanks, des flammes, mais on ne reculait pas. Jamais. Je crois qu\u2019on a \u00e9t\u00e9 tr\u00e8s utile \u00bb, mesurait celui qui a rendu coup pour coup \u00e0 ses ennemis. \u00ab Ah ! On a pass\u00e9 du bon temps avec les Allemands ! Et eux avec nous\u2026 La guerre\u2026 \u00bb grondait-il, un \u00e9clair dans le regard, avant de baisser les yeux.<\/p>\n<p>V\u00e9ritable \u00ab bataillon de choc \u00bb, la Nueve re\u00e7oit dans les derniers jours de la bataille de Normandie l\u2019ordre de se pr\u00e9cipiter sur la mairie de Paris.<\/p>\n<p>Un vent de libert\u00e9 en Europe souffle mais n\u2019inqui\u00e8te pas Franco<\/p>\n<p>\u00ab Les hommes sont entr\u00e9s. Moi, je suis rest\u00e9 avec l\u2019autochenille, car j\u2019\u00e9tais chauffeur \u00bb, relatait le v\u00e9t\u00e9ran. Suivent des jours d\u2019ivresse, de joie et de liesse populaire. La Nueve a m\u00eame l\u2019honneur d\u2019ouvrir le d\u00e9fil\u00e9 sur les Champs-\u00c9lys\u00e9es et de prot\u00e9ger en personne le g\u00e9n\u00e9ral de Gaulle.<\/p>\n<p>Son \u00e9pop\u00e9e se poursuit avec la lib\u00e9ration de Strasbourg et s\u2019ach\u00e8ve avec la conqu\u00eate du nid d\u2019aigle de Hitler, \u00e0 Berchtesgaden, en 1945. \u00ab \u00c0 la fin, on n\u2019\u00e9tait plus qu\u2019une dizaine d\u2019Espagnols en \u00e9tat de se battre. On a \u00e9t\u00e9 d\u00e9mobilis\u00e9s. Chacun est parti de son c\u00f4t\u00e9 \u00bb, se rappelait Rafael, avec pudeur et une forme de d\u00e9sillusion.<\/p>\n<p>Un vent de libert\u00e9 souffle alors sur l\u2019Europe. Hitler et Mussolini sont morts. P\u00e9tain est emprisonn\u00e9 \u00e0 vie. Mais ce souffle ne franchit pas les Pyr\u00e9n\u00e9es. Les Alli\u00e9s ne vont pas plus loin. \u00c0 Madrid, Franco reste au pouvoir. Rafael Gomez Nieto fait alors partie de ces soldats espagnols qui, d\u2019une capitale \u00e0 l\u2019autre, porte soit l\u2019uniforme du vainqueur, soit le c\u0153ur du vaincu.<\/p>\n<p>Mais ce combattant endurci a finalement surv\u00e9cu au g\u00e9n\u00e9ral Franco, mort en 1975. Rafael n\u2019en est pas moins rest\u00e9 vivre \u00e0 Strasbourg, ville qu\u2019il a contribu\u00e9 \u00e0 lib\u00e9rer. C\u2019est en 2020 qu\u2019il s\u2019est \u00e9teint, emport\u00e9 par l\u2019\u00e9pid\u00e9mie de Covid, \u00e0 l\u2019\u00e2ge de 99 ans. Quelques jours avant de succomber, il \u00e9tait encore capable de conduire sa voiture sans probl\u00e8me. Comme au temps de la lib\u00e9ration de l\u2019Europe.<\/p>\n","protected":false},"excerpt":{"rendered":"<p>Combattants de la premi\u00e8re heure contre le g\u00e9n\u00e9ral Franco, les r\u00e9publicains espagnols ont \u00e9t\u00e9 les premiers \u00e0 entrer dans Paris et \u00e0 prendre l\u2019H\u00f4tel de Ville le 19 ao\u00fbt 1944, jour de la lib\u00e9ration de la capitale. Publi\u00e9 le 21 ao\u00fbt 2024 Article Humanit\u00e9 Aur\u00e9lien Soucheyre Au volant de son autochenille baptis\u00e9e Guernica qui fonce &hellip; <a href=\"https:\/\/retirada37.com\/?p=18593\" class=\"more-link\">Continuer la lecture de <span class=\"screen-reader-text\">Rafael Gomez Nieto : l&rsquo;antifranquiste de la Nueve et lib\u00e9rateur de Paris<\/span>  <span class=\"meta-nav\">&rarr;<\/span><\/a><\/p>\n","protected":false},"author":2,"featured_media":0,"comment_status":"open","ping_status":"open","sticky":false,"template":"","format":"standard","meta":{"_bbp_topic_count":0,"_bbp_reply_count":0,"_bbp_total_topic_count":0,"_bbp_total_reply_count":0,"_bbp_voice_count":0,"_bbp_anonymous_reply_count":0,"_bbp_topic_count_hidden":0,"_bbp_reply_count_hidden":0,"_bbp_forum_subforum_count":0,"footnotes":""},"categories":[2],"tags":[],"class_list":["post-18593","post","type-post","status-publish","format-standard","hentry","category-actualites"],"_links":{"self":[{"href":"https:\/\/retirada37.com\/index.php?rest_route=\/wp\/v2\/posts\/18593","targetHints":{"allow":["GET"]}}],"collection":[{"href":"https:\/\/retirada37.com\/index.php?rest_route=\/wp\/v2\/posts"}],"about":[{"href":"https:\/\/retirada37.com\/index.php?rest_route=\/wp\/v2\/types\/post"}],"author":[{"embeddable":true,"href":"https:\/\/retirada37.com\/index.php?rest_route=\/wp\/v2\/users\/2"}],"replies":[{"embeddable":true,"href":"https:\/\/retirada37.com\/index.php?rest_route=%2Fwp%2Fv2%2Fcomments&post=18593"}],"version-history":[{"count":1,"href":"https:\/\/retirada37.com\/index.php?rest_route=\/wp\/v2\/posts\/18593\/revisions"}],"predecessor-version":[{"id":18594,"href":"https:\/\/retirada37.com\/index.php?rest_route=\/wp\/v2\/posts\/18593\/revisions\/18594"}],"wp:attachment":[{"href":"https:\/\/retirada37.com\/index.php?rest_route=%2Fwp%2Fv2%2Fmedia&parent=18593"}],"wp:term":[{"taxonomy":"category","embeddable":true,"href":"https:\/\/retirada37.com\/index.php?rest_route=%2Fwp%2Fv2%2Fcategories&post=18593"},{"taxonomy":"post_tag","embeddable":true,"href":"https:\/\/retirada37.com\/index.php?rest_route=%2Fwp%2Fv2%2Ftags&post=18593"}],"curies":[{"name":"wp","href":"https:\/\/api.w.org\/{rel}","templated":true}]}}