{"id":177,"date":"2015-04-08T16:37:50","date_gmt":"2015-04-08T15:37:50","guid":{"rendered":"http:\/\/retirada37.com\/?p=177"},"modified":"2015-04-08T16:37:50","modified_gmt":"2015-04-08T15:37:50","slug":"la-seconde-republique-espagnole","status":"publish","type":"post","link":"https:\/\/retirada37.com\/?p=177","title":{"rendered":"La seconde R\u00e9publique espagnole"},"content":{"rendered":"<p>Le 14 avril 1931 \u00e9tait proclam\u00e9e la Seconde R\u00e9publique espagnole. Nous c\u00e9l\u00e9brons cette ann\u00e9e le 84 \u00e8me anniversaire. Les mesures contenues dans le programme des R\u00e9publicains en mati\u00e8re d&rsquo;\u00e9ducation, de culture, de nouveaux droits pour les femmes, pour les travailleurs, des villes et des champs, contre le pouvoir de l&rsquo;Eglise soulev\u00e8rent un immense espoir dans le peuple espagnol. Elles ne furent pas toutes mises en \u0153uvre pendant cette courte p\u00e9riode. Le Front Populaire victorieux en f\u00e9vrier 1936, qui rassemblait largement les d\u00e9mocrates et les r\u00e9volutionnaires, redonna un nouveau souffle \u00e0 ces esp\u00e9rances. Ces orientations furent l&rsquo;\u00e9l\u00e9ment constitutif des valeurs r\u00e9publicaines d&rsquo;\u00e9galit\u00e9 et de justice port\u00e9es par les exil\u00e9s espagnols. Ce sont ces valeurs et ces m\u00e9moires que nous voulons faire vivre, dans toutes leurs diversit\u00e9s, avec la volont\u00e9 de rassembler, sans vouloir occulter les diff\u00e9rences et les divisions qui ont marqu\u00e9 cette p\u00e9riode de l&rsquo;Histoire. C&rsquo;est l\u00e0, aussi, toute la richesse des R\u00e9publicains espagnols.<\/p>\n<p>L&rsquo;exposition de David Garcia sur la Seconde R\u00e9publique sera pr\u00e9sent\u00e9e \u00e0 Tours dans le premier trimestre 2016.<br \/>\n<a href=\"https:\/\/retirada37.com\/wp-content\/uploads\/2015\/04\/LoeuvredelasecondeRepubliqueespagnole-Realisationsetheritages.pdf\" target=\"_blank\">Cliquez sur ce lien pour y acc\u00e9der<\/a><\/p>\n","protected":false},"excerpt":{"rendered":"<p>Le 14 avril 1931 \u00e9tait proclam\u00e9e la Seconde R\u00e9publique espagnole. Nous c\u00e9l\u00e9brons cette ann\u00e9e le 84 \u00e8me anniversaire. Les mesures contenues dans le programme des R\u00e9publicains en mati\u00e8re d&rsquo;\u00e9ducation, de culture, de nouveaux droits pour les femmes, pour les travailleurs, des villes et des champs, contre le pouvoir de l&rsquo;Eglise soulev\u00e8rent un immense espoir dans &hellip; <a href=\"https:\/\/retirada37.com\/?p=177\" class=\"more-link\">Continuer la lecture de <span class=\"screen-reader-text\">La seconde R\u00e9publique espagnole<\/span>  <span class=\"meta-nav\">&rarr;<\/span><\/a><\/p>\n","protected":false},"author":2,"featured_media":0,"comment_status":"open","ping_status":"open","sticky":false,"template":"","format":"standard","meta":{"_bbp_topic_count":0,"_bbp_reply_count":0,"_bbp_total_topic_count":0,"_bbp_total_reply_count":0,"_bbp_voice_count":0,"_bbp_anonymous_reply_count":0,"_bbp_topic_count_hidden":0,"_bbp_reply_count_hidden":0,"_bbp_forum_subforum_count":0,"footnotes":""},"categories":[2],"tags":[],"class_list":["post-177","post","type-post","status-publish","format-standard","hentry","category-actualites"],"_links":{"self":[{"href":"https:\/\/retirada37.com\/index.php?rest_route=\/wp\/v2\/posts\/177","targetHints":{"allow":["GET"]}}],"collection":[{"href":"https:\/\/retirada37.com\/index.php?rest_route=\/wp\/v2\/posts"}],"about":[{"href":"https:\/\/retirada37.com\/index.php?rest_route=\/wp\/v2\/types\/post"}],"author":[{"embeddable":true,"href":"https:\/\/retirada37.com\/index.php?rest_route=\/wp\/v2\/users\/2"}],"replies":[{"embeddable":true,"href":"https:\/\/retirada37.com\/index.php?rest_route=%2Fwp%2Fv2%2Fcomments&post=177"}],"version-history":[{"count":4,"href":"https:\/\/retirada37.com\/index.php?rest_route=\/wp\/v2\/posts\/177\/revisions"}],"predecessor-version":[{"id":189,"href":"https:\/\/retirada37.com\/index.php?rest_route=\/wp\/v2\/posts\/177\/revisions\/189"}],"wp:attachment":[{"href":"https:\/\/retirada37.com\/index.php?rest_route=%2Fwp%2Fv2%2Fmedia&parent=177"}],"wp:term":[{"taxonomy":"category","embeddable":true,"href":"https:\/\/retirada37.com\/index.php?rest_route=%2Fwp%2Fv2%2Fcategories&post=177"},{"taxonomy":"post_tag","embeddable":true,"href":"https:\/\/retirada37.com\/index.php?rest_route=%2Fwp%2Fv2%2Ftags&post=177"}],"curies":[{"name":"wp","href":"https:\/\/api.w.org\/{rel}","templated":true}]}}