{"id":1666,"date":"2017-02-11T21:26:14","date_gmt":"2017-02-11T20:26:14","guid":{"rendered":"http:\/\/retirada37.com\/?p=1666"},"modified":"2017-02-11T21:26:14","modified_gmt":"2017-02-11T20:26:14","slug":"cathy-felix-les-ecrivains-et-la-memoire","status":"publish","type":"post","link":"https:\/\/retirada37.com\/?p=1666","title":{"rendered":"Cathy FELIX : les \u00e9crivains et la m\u00e9moire"},"content":{"rendered":"<p><span style=\"color: #000000;font-family: Calibri\">La guerre d\u2019Espagne a \u00e9t\u00e9 une guerre embl\u00e9matique et des journalistes et des \u00e9crivains venus du monde entier se sont engag\u00e9s aux c\u00f4t\u00e9s des R\u00e9publicains contre le fascisme. Comment ces \u00e9crivains ont-ils contribu\u00e9 \u00e0 forger la m\u00e9moire de la Guerre Civile pendant que la dictature muselait les \u00e9crivains en Espagne ? Apr\u00e8s la mort de Franco, comment les \u00e9crivains espagnols ont-ils contribu\u00e9 au r\u00e9veil d\u2019une m\u00e9moire massacr\u00e9e ?<\/span><\/p>\n<p><a href=\"https:\/\/retirada37.com\/wp-content\/uploads\/2017\/02\/CONFERENCE-ECRIVAINS-ET-MEMOIRE.pdf\">CONFERENCE ECRIVAINS ET MEMOIRE<\/a><\/p>\n","protected":false},"excerpt":{"rendered":"<p>La guerre d\u2019Espagne a \u00e9t\u00e9 une guerre embl\u00e9matique et des journalistes et des \u00e9crivains venus du monde entier se sont engag\u00e9s aux c\u00f4t\u00e9s des R\u00e9publicains contre le fascisme. Comment ces \u00e9crivains ont-ils contribu\u00e9 \u00e0 forger la m\u00e9moire de la Guerre Civile pendant que la dictature muselait les \u00e9crivains en Espagne ? Apr\u00e8s la mort de &hellip; <a href=\"https:\/\/retirada37.com\/?p=1666\" class=\"more-link\">Continuer la lecture de <span class=\"screen-reader-text\">Cathy FELIX : les \u00e9crivains et la m\u00e9moire<\/span>  <span class=\"meta-nav\">&rarr;<\/span><\/a><\/p>\n","protected":false},"author":1,"featured_media":0,"comment_status":"open","ping_status":"open","sticky":false,"template":"","format":"standard","meta":{"_bbp_topic_count":0,"_bbp_reply_count":0,"_bbp_total_topic_count":0,"_bbp_total_reply_count":0,"_bbp_voice_count":0,"_bbp_anonymous_reply_count":0,"_bbp_topic_count_hidden":0,"_bbp_reply_count_hidden":0,"_bbp_forum_subforum_count":0,"footnotes":""},"categories":[2],"tags":[],"class_list":["post-1666","post","type-post","status-publish","format-standard","hentry","category-actualites"],"_links":{"self":[{"href":"https:\/\/retirada37.com\/index.php?rest_route=\/wp\/v2\/posts\/1666","targetHints":{"allow":["GET"]}}],"collection":[{"href":"https:\/\/retirada37.com\/index.php?rest_route=\/wp\/v2\/posts"}],"about":[{"href":"https:\/\/retirada37.com\/index.php?rest_route=\/wp\/v2\/types\/post"}],"author":[{"embeddable":true,"href":"https:\/\/retirada37.com\/index.php?rest_route=\/wp\/v2\/users\/1"}],"replies":[{"embeddable":true,"href":"https:\/\/retirada37.com\/index.php?rest_route=%2Fwp%2Fv2%2Fcomments&post=1666"}],"version-history":[{"count":4,"href":"https:\/\/retirada37.com\/index.php?rest_route=\/wp\/v2\/posts\/1666\/revisions"}],"predecessor-version":[{"id":1670,"href":"https:\/\/retirada37.com\/index.php?rest_route=\/wp\/v2\/posts\/1666\/revisions\/1670"}],"wp:attachment":[{"href":"https:\/\/retirada37.com\/index.php?rest_route=%2Fwp%2Fv2%2Fmedia&parent=1666"}],"wp:term":[{"taxonomy":"category","embeddable":true,"href":"https:\/\/retirada37.com\/index.php?rest_route=%2Fwp%2Fv2%2Fcategories&post=1666"},{"taxonomy":"post_tag","embeddable":true,"href":"https:\/\/retirada37.com\/index.php?rest_route=%2Fwp%2Fv2%2Ftags&post=1666"}],"curies":[{"name":"wp","href":"https:\/\/api.w.org\/{rel}","templated":true}]}}