{"id":159,"date":"2015-04-01T17:44:02","date_gmt":"2015-04-01T16:44:02","guid":{"rendered":"http:\/\/retirada37.com\/?p=159"},"modified":"2015-04-01T17:44:02","modified_gmt":"2015-04-01T16:44:02","slug":"les-massacres-oublies-de-la-guerre-despagne-la-carretera-de-la-muerte","status":"publish","type":"post","link":"https:\/\/retirada37.com\/?p=159","title":{"rendered":"Les massacres oubli\u00e9s de la guerre d&rsquo;Espagne : \u00ab\u00a0La carretera de la muerte\u00a0\u00bb"},"content":{"rendered":"<p><strong><span style=\"color: #94006b;font-family: Verdana\">Une information de Dolor\u00e8s : conf\u00e9rences-d\u00e9bats le 25 avril 2015 \u00e0 Toulouse.<\/span><\/strong><\/p>\n<p><span style=\"color: #94006b;font-family: Verdana\">Du 8 au 12 F\u00e9vrier 1937 un massacre essentiellement de civils femmes, enfants, bless\u00e9s et vieillards eut lieu sur la route qui menait de pauvres gens fuyant la r\u00e9pression franquiste\u00a0 de Malaga \u00e0 Almeria, route qui fut alors baptis\u00e9e <em>Carretera de la muerte<\/em><\/span><span style=\"color: #94006b;font-family: Verdana\">. Tragique destin pour ces r\u00e9publicains espagnols d\u00e9sarm\u00e9s qui, poursuivis par les unit\u00e9s de Queipo de Llano, le boucher de S\u00e9ville puis de Malaga, seront bombard\u00e9s par l&rsquo;aviation et les navires des pays de l&rsquo;axe. Les haines fascistes se d\u00e9cha\u00eenant, bien qu&rsquo;il y ait eu beaucoup plus de morts qu&rsquo;\u00e0 Badajoz ou qu&rsquo;\u00e0 Guernika ce massacre est \u00e0 peine connu tant en France qu&rsquo;en Espagne.<\/span><\/p>\n<p><a href=\"https:\/\/retirada37.com\/wp-content\/uploads\/2015\/04\/Espagne-36-39-les-massacres-oubli\u00e9s.pdf\">Espagne 36-39 les massacres oubli\u00e9s<\/a><\/p>\n","protected":false},"excerpt":{"rendered":"<p>Une information de Dolor\u00e8s : conf\u00e9rences-d\u00e9bats le 25 avril 2015 \u00e0 Toulouse. Du 8 au 12 F\u00e9vrier 1937 un massacre essentiellement de civils femmes, enfants, bless\u00e9s et vieillards eut lieu sur la route qui menait de pauvres gens fuyant la r\u00e9pression franquiste\u00a0 de Malaga \u00e0 Almeria, route qui fut alors baptis\u00e9e Carretera de la muerte. &hellip; <a href=\"https:\/\/retirada37.com\/?p=159\" class=\"more-link\">Continuer la lecture de <span class=\"screen-reader-text\">Les massacres oubli\u00e9s de la guerre d&rsquo;Espagne : \u00ab\u00a0La carretera de la muerte\u00a0\u00bb<\/span>  <span class=\"meta-nav\">&rarr;<\/span><\/a><\/p>\n","protected":false},"author":1,"featured_media":0,"comment_status":"open","ping_status":"open","sticky":false,"template":"","format":"standard","meta":{"_bbp_topic_count":0,"_bbp_reply_count":0,"_bbp_total_topic_count":0,"_bbp_total_reply_count":0,"_bbp_voice_count":0,"_bbp_anonymous_reply_count":0,"_bbp_topic_count_hidden":0,"_bbp_reply_count_hidden":0,"_bbp_forum_subforum_count":0,"footnotes":""},"categories":[2,14],"tags":[],"class_list":["post-159","post","type-post","status-publish","format-standard","hentry","category-actualites","category-histoire"],"_links":{"self":[{"href":"https:\/\/retirada37.com\/index.php?rest_route=\/wp\/v2\/posts\/159","targetHints":{"allow":["GET"]}}],"collection":[{"href":"https:\/\/retirada37.com\/index.php?rest_route=\/wp\/v2\/posts"}],"about":[{"href":"https:\/\/retirada37.com\/index.php?rest_route=\/wp\/v2\/types\/post"}],"author":[{"embeddable":true,"href":"https:\/\/retirada37.com\/index.php?rest_route=\/wp\/v2\/users\/1"}],"replies":[{"embeddable":true,"href":"https:\/\/retirada37.com\/index.php?rest_route=%2Fwp%2Fv2%2Fcomments&post=159"}],"version-history":[{"count":10,"href":"https:\/\/retirada37.com\/index.php?rest_route=\/wp\/v2\/posts\/159\/revisions"}],"predecessor-version":[{"id":172,"href":"https:\/\/retirada37.com\/index.php?rest_route=\/wp\/v2\/posts\/159\/revisions\/172"}],"wp:attachment":[{"href":"https:\/\/retirada37.com\/index.php?rest_route=%2Fwp%2Fv2%2Fmedia&parent=159"}],"wp:term":[{"taxonomy":"category","embeddable":true,"href":"https:\/\/retirada37.com\/index.php?rest_route=%2Fwp%2Fv2%2Fcategories&post=159"},{"taxonomy":"post_tag","embeddable":true,"href":"https:\/\/retirada37.com\/index.php?rest_route=%2Fwp%2Fv2%2Ftags&post=159"}],"curies":[{"name":"wp","href":"https:\/\/api.w.org\/{rel}","templated":true}]}}