{"id":140,"date":"2015-03-28T20:57:35","date_gmt":"2015-03-28T19:57:35","guid":{"rendered":"http:\/\/retirada37.com\/?p=140"},"modified":"2015-03-28T21:56:54","modified_gmt":"2015-03-28T20:56:54","slug":"la-nueve-le-21-avril-a-tours","status":"publish","type":"post","link":"https:\/\/retirada37.com\/?p=140","title":{"rendered":"La Nueve le 21 avril \u00e0 Tours"},"content":{"rendered":"<p>Le 24 ao\u00fbt 1944, 150 soldats, r\u00e9publicains espagnols, de la France libre entraient dans Paris occup\u00e9, avec la 9\u00e8me compagnie de la 2\u00e8me Division Blind\u00e9e de l&rsquo;arm\u00e9e du G\u00e9n\u00e9ral Leclerc. Les blind\u00e9s s&rsquo;appelaient Guernica, Guadalajara, Ebro, Don Quichotte, Teruel&#8230;<br \/>\nNous allons honorer le 21 avril prochain ces h\u00e9ros oubli\u00e9s de la Nueve dans une rencontre avec Evelyn Mesquida. Elle d\u00e9dicacera son livre qui sera en vente ce soir l\u00e0.<\/p>\n<p>Sur le site <a href=\"http:\/\/www.24-aout-1944.org\/-Articles-presse-\" target=\"_blank\">24 ao\u00fbt 1944<\/a> de nombeux articles vous informent sur cette p\u00e9riode.<\/p>\n<p><a href=\"http:\/\/www.24-aout-1944.org\/-Articles-presse-\" target=\"_blank\">http:\/\/www.24-aout-1944.org\/-Articles-presse-<\/a><\/p>\n<p>Je vous invite aussi \u00e0 regarder avec attention le documentaire \u00ab\u00a0La Nueve ou les oubli\u00e9s de la victoire\u00a0\u00bb qui retrace \u00e0 travers des t\u00e9moignages \u00e9mouvants ce grand moment de notre Histoire.<\/p>\n<p><iframe loading=\"lazy\" title=\"&quot;La Nueve ou les oubli\u00e9s de la victoire&quot;\" width=\"474\" height=\"267\" src=\"https:\/\/www.youtube.com\/embed\/6sp2MJ3SHo4?feature=oembed\" frameborder=\"0\" allow=\"accelerometer; autoplay; clipboard-write; encrypted-media; gyroscope; picture-in-picture; web-share\" referrerpolicy=\"strict-origin-when-cross-origin\" allowfullscreen><\/iframe><\/p>\n<p>L&rsquo;association Retirada 37 a \u00e9t\u00e9 cr\u00e9\u00e9e pour faire vivre l&rsquo;action de ces r\u00e9publicains espagnols exil\u00e9s en France\u00a0: combattants de la Nueve et aussi les nombreux r\u00e9sistants espagnols en France qui ont combattu pour la Lib\u00e9ration de notre pays.<\/p>\n<p>La b\u00eate immonde ressurgit aujourd&rsquo;hui en Europe, en France sous des formes qui se voudraient plus \u00ab\u00a0civilis\u00e9es\u00a0\u00bb. Nous avons le devoir de les d\u00e9noncer, de les combattre avec la m\u00eame force. Les r\u00e9publicains espagnols, mais aussi les Brigades Internationales nous ont appris que la lutte contre le fascisme, contre la barbarie nazie est universelle. A nous de perp\u00e9tuer ces valeurs, ces m\u00e9moires.<\/p>\n<p>NO PASARAN\u00a0!<\/p>\n","protected":false},"excerpt":{"rendered":"<p>Le 24 ao\u00fbt 1944, 150 soldats, r\u00e9publicains espagnols, de la France libre entraient dans Paris occup\u00e9, avec la 9\u00e8me compagnie de la 2\u00e8me Division Blind\u00e9e de l&rsquo;arm\u00e9e du G\u00e9n\u00e9ral Leclerc. Les blind\u00e9s s&rsquo;appelaient Guernica, Guadalajara, Ebro, Don Quichotte, Teruel&#8230; Nous allons honorer le 21 avril prochain ces h\u00e9ros oubli\u00e9s de la Nueve dans une rencontre &hellip; <a href=\"https:\/\/retirada37.com\/?p=140\" class=\"more-link\">Continuer la lecture de <span class=\"screen-reader-text\">La Nueve le 21 avril \u00e0 Tours<\/span>  <span class=\"meta-nav\">&rarr;<\/span><\/a><\/p>\n","protected":false},"author":2,"featured_media":0,"comment_status":"open","ping_status":"open","sticky":false,"template":"","format":"standard","meta":{"_bbp_topic_count":0,"_bbp_reply_count":0,"_bbp_total_topic_count":0,"_bbp_total_reply_count":0,"_bbp_voice_count":0,"_bbp_anonymous_reply_count":0,"_bbp_topic_count_hidden":0,"_bbp_reply_count_hidden":0,"_bbp_forum_subforum_count":0,"footnotes":""},"categories":[2,14,13,4],"tags":[],"class_list":["post-140","post","type-post","status-publish","format-standard","hentry","category-actualites","category-histoire","category-medias","category-videos"],"_links":{"self":[{"href":"https:\/\/retirada37.com\/index.php?rest_route=\/wp\/v2\/posts\/140","targetHints":{"allow":["GET"]}}],"collection":[{"href":"https:\/\/retirada37.com\/index.php?rest_route=\/wp\/v2\/posts"}],"about":[{"href":"https:\/\/retirada37.com\/index.php?rest_route=\/wp\/v2\/types\/post"}],"author":[{"embeddable":true,"href":"https:\/\/retirada37.com\/index.php?rest_route=\/wp\/v2\/users\/2"}],"replies":[{"embeddable":true,"href":"https:\/\/retirada37.com\/index.php?rest_route=%2Fwp%2Fv2%2Fcomments&post=140"}],"version-history":[{"count":6,"href":"https:\/\/retirada37.com\/index.php?rest_route=\/wp\/v2\/posts\/140\/revisions"}],"predecessor-version":[{"id":146,"href":"https:\/\/retirada37.com\/index.php?rest_route=\/wp\/v2\/posts\/140\/revisions\/146"}],"wp:attachment":[{"href":"https:\/\/retirada37.com\/index.php?rest_route=%2Fwp%2Fv2%2Fmedia&parent=140"}],"wp:term":[{"taxonomy":"category","embeddable":true,"href":"https:\/\/retirada37.com\/index.php?rest_route=%2Fwp%2Fv2%2Fcategories&post=140"},{"taxonomy":"post_tag","embeddable":true,"href":"https:\/\/retirada37.com\/index.php?rest_route=%2Fwp%2Fv2%2Ftags&post=140"}],"curies":[{"name":"wp","href":"https:\/\/api.w.org\/{rel}","templated":true}]}}