{"id":1252,"date":"2016-11-01T10:57:48","date_gmt":"2016-11-01T09:57:48","guid":{"rendered":"http:\/\/retirada37.com\/?p=1252"},"modified":"2024-10-02T15:54:46","modified_gmt":"2024-10-02T14:54:46","slug":"la-tragedie-des-brigades-internationales","status":"publish","type":"post","link":"https:\/\/retirada37.com\/?p=1252","title":{"rendered":"La trag\u00e9die des Brigades Internationales"},"content":{"rendered":"<p>\u00c0 travers de poignantes archives, Patrick Rotman retrace l\u2019histoire des trente-cinq mille volontaires venus du monde entier combattre le franquisme dans la guerre civile espagnole.<\/p>\n<div class=\"description\">\n<div class=\"chapo\">\n<p>( Diffus\u00e9 sur ARTE le 25 octobre 2016 ).<\/p>\n<blockquote><p><iframe loading=\"lazy\" width=\"560\" height=\"315\" src=\"https:\/\/www.youtube.com\/embed\/6vLbdnvqlkU?si=1CfBptQpFYGue7BC\" title=\"YouTube video player\" frameborder=\"0\" allow=\"accelerometer; autoplay; clipboard-write; encrypted-media; gyroscope; picture-in-picture; web-share\" referrerpolicy=\"strict-origin-when-cross-origin\" allowfullscreen><\/iframe><\/p><\/blockquote>\n<p>]Pendant la guerre d\u2019Espagne (1936-1939), des volontaires affluent du monde entier pour d\u00e9fendre la jeune R\u00e9publique, menac\u00e9e par le putsch de Franco, lui-m\u00eame soutenu d\u2019embl\u00e9e par l\u2019Allemagne nazie et l\u2019Italie fasciste. Ouvriers parisiens, tch\u00e8ques et britanniques, dockers new-yorkais, mineurs polonais ou anglais, militants antifascistes allemands et italiens&#8230;\u00a0: en tout, quelque trente-cinq mille hommes, venus d\u2019une cinquantaine de pays, vont combattre, souvent en premi\u00e8re ligne et sans aucune formation, dans des batailles de plus en plus d\u00e9sesp\u00e9r\u00e9es. Ils r\u00e9pondent \u00e0 l\u2019appel lanc\u00e9 sous l\u2019\u00e9gide de Moscou par l\u2019Internationale communiste, alors que les d\u00e9mocraties occidentales ont d\u00e9cid\u00e9 de ne pas intervenir. Ils ont entendu aussi les plaidoyers d\u2019Andr\u00e9 Malraux et de George Orwell, engag\u00e9s d\u00e8s la premi\u00e8re heure, l\u2019\u00e9crivain fran\u00e7ais \u00e0 la t\u00eate d\u2019une escadrille a\u00e9rienne, l\u2019Anglais au sein du Poum (Parti ouvrier unifi\u00e9 marxiste, antistalinien) . Ils ont peut-\u00eatre vu aussi les clich\u00e9s incroyables qu\u2019un couple de jeunes photographes, Gerta Pohorylle et Endre Friedmann, alias Gerda Taro et Robert Capa, exp\u00e9dient jour apr\u00e8s jour du front. Comme eux, les \u00e9crivains Ernest Hemingway, John Dos Passos, Gustave Regler ou le documentariste Joris Ivens vont aussi contribuer \u00e0 exalter la r\u00e9sistance h\u00e9ro\u00efque du peuple espagnol, face \u00e0 une arm\u00e9e franquiste bien sup\u00e9rieure en nombre et surarm\u00e9e, qui multiplie les massacres au fil de ses victoires. \u00c0 leurs c\u00f4t\u00e9s, le correspondant de la Pravda, Mikha\u00efl Koltsov, informe aussi le NKVD&#8230;<\/p>\n<p><strong>Entre deux feux<\/strong><\/p>\n<p>D\u00e8s 1937, les Sovi\u00e9tiques, affirmant leur emprise sur le camp r\u00e9publicain, agissent en effet en Espagne comme \u00e0 domicile, arr\u00eatant, torturant, ex\u00e9cutant tous ceux qui s\u2019opposent au stalinisme. Les militants anarchistes et libertaires, parmi lesquels figurent nombre de brigadistes, se retrouvent pris ainsi entre deux feux totalitaires. Restituant \u00e0 la fois destins individuels et complexit\u00e9 historique, Patrick Rotman retrace ces trois ann\u00e9es d\u2019un combat perdu, dont les faits d\u2019armes continuent de nourrir, aujourd\u2019hui encore, le romantisme r\u00e9volutionnaire. Un r\u00e9cit intense et d\u00e9taill\u00e9, port\u00e9 par de poignantes archives, dont nombre des images magnifiques de Robert Capa et de Gerda Taro, qui mourra avant la d\u00e9faite finale, \u00e0 27 ans, \u00e9cras\u00e9e accidentellement par un char r\u00e9publicain. \u00ab\u00a0Quand je pense \u00e0 la quantit\u00e9 de gens extraordinaires que j\u2019ai connus et qui sont morts dans cette guerre, avait-elle \u00e9crit peu de temps auparavant, j\u2019ai le sentiment absurde que ce n\u2019est vraiment pas juste d\u2019\u00eatre encore en vie.\u00a0\u00bb<\/p>\n<\/div>\n<\/div>\n","protected":false},"excerpt":{"rendered":"<p>\u00c0 travers de poignantes archives, Patrick Rotman retrace l\u2019histoire des trente-cinq mille volontaires venus du monde entier combattre le franquisme dans la guerre civile espagnole. ( Diffus\u00e9 sur ARTE le 25 octobre 2016 ). ]Pendant la guerre d\u2019Espagne (1936-1939), des volontaires affluent du monde entier pour d\u00e9fendre la jeune R\u00e9publique, menac\u00e9e par le putsch de &hellip; <a href=\"https:\/\/retirada37.com\/?p=1252\" class=\"more-link\">Continuer la lecture de <span class=\"screen-reader-text\">La trag\u00e9die des Brigades Internationales<\/span>  <span class=\"meta-nav\">&rarr;<\/span><\/a><\/p>\n","protected":false},"author":3,"featured_media":0,"comment_status":"open","ping_status":"open","sticky":false,"template":"","format":"standard","meta":{"_bbp_topic_count":0,"_bbp_reply_count":0,"_bbp_total_topic_count":0,"_bbp_total_reply_count":0,"_bbp_voice_count":0,"_bbp_anonymous_reply_count":0,"_bbp_topic_count_hidden":0,"_bbp_reply_count_hidden":0,"_bbp_forum_subforum_count":0,"footnotes":""},"categories":[14,15,4],"tags":[],"class_list":["post-1252","post","type-post","status-publish","format-standard","hentry","category-histoire","category-temoignages-et-recits","category-videos"],"_links":{"self":[{"href":"https:\/\/retirada37.com\/index.php?rest_route=\/wp\/v2\/posts\/1252","targetHints":{"allow":["GET"]}}],"collection":[{"href":"https:\/\/retirada37.com\/index.php?rest_route=\/wp\/v2\/posts"}],"about":[{"href":"https:\/\/retirada37.com\/index.php?rest_route=\/wp\/v2\/types\/post"}],"author":[{"embeddable":true,"href":"https:\/\/retirada37.com\/index.php?rest_route=\/wp\/v2\/users\/3"}],"replies":[{"embeddable":true,"href":"https:\/\/retirada37.com\/index.php?rest_route=%2Fwp%2Fv2%2Fcomments&post=1252"}],"version-history":[{"count":7,"href":"https:\/\/retirada37.com\/index.php?rest_route=\/wp\/v2\/posts\/1252\/revisions"}],"predecessor-version":[{"id":18625,"href":"https:\/\/retirada37.com\/index.php?rest_route=\/wp\/v2\/posts\/1252\/revisions\/18625"}],"wp:attachment":[{"href":"https:\/\/retirada37.com\/index.php?rest_route=%2Fwp%2Fv2%2Fmedia&parent=1252"}],"wp:term":[{"taxonomy":"category","embeddable":true,"href":"https:\/\/retirada37.com\/index.php?rest_route=%2Fwp%2Fv2%2Fcategories&post=1252"},{"taxonomy":"post_tag","embeddable":true,"href":"https:\/\/retirada37.com\/index.php?rest_route=%2Fwp%2Fv2%2Ftags&post=1252"}],"curies":[{"name":"wp","href":"https:\/\/api.w.org\/{rel}","templated":true}]}}