{"id":1247,"date":"2016-10-26T15:49:19","date_gmt":"2016-10-26T14:49:19","guid":{"rendered":"http:\/\/retirada37.com\/?p=1247"},"modified":"2016-10-26T15:49:19","modified_gmt":"2016-10-26T14:49:19","slug":"etre-presents-le-11-novembre-point-de-vue","status":"publish","type":"post","link":"https:\/\/retirada37.com\/?p=1247","title":{"rendered":"ETRE  PRESENTS  LE  11  NOVEMBRE &#8211; Point de vue"},"content":{"rendered":"<p>Anti-militariste convaincue depuis de longues ann\u00e9es, je trouve que la Retirada 37 a toute sa place le 11 novembre, aux c\u00f4t\u00e9s de plusieurs associations, d\u00e9non\u00e7ant la Guerre en g\u00e9n\u00e9ral.<\/p>\n<p>Je \u00a0n&rsquo;oublie pas que mon p\u00e8re s&rsquo;est battu, pour que les valeurs de la jeune R\u00e9publique perdurent dans son pays qu&rsquo;\u00e9tait l&rsquo;Espagne. Aujourd&rsquo;hui je prends son relais \u00ab\u00a0pour faire vivre les m\u00e9moires et les valeurs des R\u00e9publicains exil\u00e9s espagnols\u00a0\u00bb.<\/p>\n<p>Je ne suis peut-\u00eatre qu&rsquo;un petit pion sur l&rsquo;immense \u00e9chiquier plan\u00e9taire mais si tous les petits pions du monde pouvaient, ne serait-ce qu&rsquo;un 11 novembre, <strong>se donner la main en criant HAUT et FORT \u00a0HALTE au FASCISME, HALTE aux GUERRES<\/strong>. Ce n&rsquo;est pas du domaine de la pu\u00e9rilit\u00e9 ou d&rsquo;un quelconque folklore. N&rsquo;allons pas trahir nos parents, surtout au lendemain d&rsquo;un reportage si bien fait sur ARTE \u00ab\u00a0Trag\u00e9die des brigades internationales\u00a0\u00bb. Ce reportage nous a montr\u00e9 que la b\u00eate immonde peut arriver, m\u00eame de l\u00e0 o\u00f9 on ne l&rsquo;attend pas et comment elle tient les ficelles sans h\u00e9siter \u00e0 massacrer des combattants de son propre camp (les purges !!!). On ne peut pas cautionner l&rsquo;arm\u00e9e.<\/p>\n<p>Qui sont ceux qui provoquent les guerres ?<\/p>\n<p>Ce sont les gros nantis, fabricants d&rsquo;armes en tous genres, pactisant avec nos gouvernants, ou l&rsquo;inverse,<\/p>\n<p>Ce sont les gros nantis, jamais ceux qui se trouveront sur les champs de bataille ou les civils \u00e0 se faire massacrer,<\/p>\n<p>Ce sont les gros nantis qui donneront des ordres aux pauvres bougres pour les envoyer \u00e0 la boucherie,<\/p>\n<p>Ce sont les gros nantis qui s&rsquo;en sortiront avec encore plus de pognon,<\/p>\n<p>Ce sont toujours les gros nantis qui n&rsquo;ont rien \u00e0 faire du peuple, qui ont un EGO surdimensionn\u00e9&#8230;<\/p>\n<p><strong>J&rsquo;ENRAGE<\/strong> quand je lis \u00ab\u00a0l&rsquo;Homme (avec un grand H, je souligne), \u00e9tant ce qu&rsquo;il est, il nous faudra toujours une arm\u00e9e.\u00a0\u00bb Rien n&#8217;emp\u00eache \u00e0 cet Homme de changer et rien ne nous emp\u00eache de lui rappeler que la guerre a toujours \u00e9t\u00e9 effroyable, il faut que cela cesse.<\/p>\n<p><strong>Quand pourra t&rsquo;on dire \u00ab\u00a0la Femme \u00e9tant ce qu&rsquo;elle est, ex\u00e9cre la guerre, elle refuse que ses enfants servent de chair \u00e0 canons pour de gros nantis pourris\u00a0\u00bb ???\u00a0<\/strong><\/p>\n<p><strong>UNISSONS-NOUS<\/strong> pour aller dans ce sens plut\u00f4t que penser que c&rsquo;est normal. Pour la plupart d&rsquo;entre nous nos parents ont particip\u00e9, d&rsquo;une mani\u00e8re ou d&rsquo;une autre, \u00e0 cette horrible Trag\u00e9die d&rsquo;une guerre civile \u00e0 l&rsquo;int\u00e9rieur d&rsquo;une guerre civile, nous leur devons le\u00a0<strong>RESPECT<\/strong>.<\/p>\n<p>Ma devise est NUNCA MAS GUERRA (plus jamais de guerres).<\/p>\n","protected":false},"excerpt":{"rendered":"<p>Anti-militariste convaincue depuis de longues ann\u00e9es, je trouve que la Retirada 37 a toute sa place le 11 novembre, aux c\u00f4t\u00e9s de plusieurs associations, d\u00e9non\u00e7ant la Guerre en g\u00e9n\u00e9ral. Je \u00a0n&rsquo;oublie pas que mon p\u00e8re s&rsquo;est battu, pour que les valeurs de la jeune R\u00e9publique perdurent dans son pays qu&rsquo;\u00e9tait l&rsquo;Espagne. Aujourd&rsquo;hui je prends son &hellip; <a href=\"https:\/\/retirada37.com\/?p=1247\" class=\"more-link\">Continuer la lecture de <span class=\"screen-reader-text\">ETRE  PRESENTS  LE  11  NOVEMBRE &#8211; Point de vue<\/span>  <span class=\"meta-nav\">&rarr;<\/span><\/a><\/p>\n","protected":false},"author":9,"featured_media":0,"comment_status":"open","ping_status":"open","sticky":false,"template":"","format":"standard","meta":{"_bbp_topic_count":0,"_bbp_reply_count":0,"_bbp_total_topic_count":0,"_bbp_total_reply_count":0,"_bbp_voice_count":0,"_bbp_anonymous_reply_count":0,"_bbp_topic_count_hidden":0,"_bbp_reply_count_hidden":0,"_bbp_forum_subforum_count":0,"footnotes":""},"categories":[2],"tags":[],"class_list":["post-1247","post","type-post","status-publish","format-standard","hentry","category-actualites"],"_links":{"self":[{"href":"https:\/\/retirada37.com\/index.php?rest_route=\/wp\/v2\/posts\/1247","targetHints":{"allow":["GET"]}}],"collection":[{"href":"https:\/\/retirada37.com\/index.php?rest_route=\/wp\/v2\/posts"}],"about":[{"href":"https:\/\/retirada37.com\/index.php?rest_route=\/wp\/v2\/types\/post"}],"author":[{"embeddable":true,"href":"https:\/\/retirada37.com\/index.php?rest_route=\/wp\/v2\/users\/9"}],"replies":[{"embeddable":true,"href":"https:\/\/retirada37.com\/index.php?rest_route=%2Fwp%2Fv2%2Fcomments&post=1247"}],"version-history":[{"count":1,"href":"https:\/\/retirada37.com\/index.php?rest_route=\/wp\/v2\/posts\/1247\/revisions"}],"predecessor-version":[{"id":1248,"href":"https:\/\/retirada37.com\/index.php?rest_route=\/wp\/v2\/posts\/1247\/revisions\/1248"}],"wp:attachment":[{"href":"https:\/\/retirada37.com\/index.php?rest_route=%2Fwp%2Fv2%2Fmedia&parent=1247"}],"wp:term":[{"taxonomy":"category","embeddable":true,"href":"https:\/\/retirada37.com\/index.php?rest_route=%2Fwp%2Fv2%2Fcategories&post=1247"},{"taxonomy":"post_tag","embeddable":true,"href":"https:\/\/retirada37.com\/index.php?rest_route=%2Fwp%2Fv2%2Ftags&post=1247"}],"curies":[{"name":"wp","href":"https:\/\/api.w.org\/{rel}","templated":true}]}}