{"id":1243,"date":"2016-10-26T13:46:42","date_gmt":"2016-10-26T12:46:42","guid":{"rendered":"http:\/\/retirada37.com\/?p=1243"},"modified":"2016-10-26T13:46:42","modified_gmt":"2016-10-26T12:46:42","slug":"pourquoi-nous-serons-presents-le-11-novembre-point-de-vue","status":"publish","type":"post","link":"https:\/\/retirada37.com\/?p=1243","title":{"rendered":"POURQUOI NOUS SERONS PRESENTS LE 11 NOVEMBRE &#8211; Point de vue"},"content":{"rendered":"<p>Notre association est  signataire comme elle l&rsquo;a fait l&rsquo;an dernier pour appeler au rassemblement du 11 novembre devant l&rsquo;Universit\u00e9. Pour d\u00e9noncer cette guerre inf\u00e2me que fut la premi\u00e8re guerre mondiale.<\/p>\n<p>Retirada37 a \u00e9t\u00e9 cr\u00e9\u00e9e \u00ab\u00a0pour faire vivre les m\u00e9moires et les valeurs des R\u00e9publicains espagnols exil\u00e9s\u00a0\u00bb et parmi eux figuraient des militants de diff\u00e9rentes causes r\u00e9publicaines, socialistes, communistes, militants d\u00e9mocrates et progressistes, anti-fascistes avant tout et parmi eux de nombreux anarchistes. <\/p>\n<p>Ces militants anarchistes portaient effectivement ces messages antimilitaristes, qui n&rsquo;\u00e9taient pas partag\u00e9s par tous les R\u00e9publicains combattant le fascisme, mais leurs pens\u00e9es font partie de ces m\u00e9moires. C&rsquo;est la raison pour laquelle notre association appelle \u00e0 ce rassemblement, sachant que les valeurs port\u00e9es par les R\u00e9publicains \u00e9taient aussi contradictoires.<\/p>\n<p>Une phrase de l&rsquo;appel a choqu\u00e9 plusieurs adh\u00e9rents qui m&rsquo;en ont fait part \u00ab\u00a0L\u2019arm\u00e9e, quelle qu\u2019elle soit, est l\u2019\u00e9cole du crime.\u00a0\u00bb <\/p>\n<p>Je suis aussi de ceux qui pensent que toutes les arm\u00e9es ne sont pas \u00ab\u00a0l&rsquo;\u00e9cole du crime\u00a0\u00bb. Que certaines l&rsquo;ont \u00e9t\u00e9 comme l&rsquo;arm\u00e9e nazie, comme les militaires f\u00e9lons franquistes coupables de l&rsquo;assassinat de la jeune R\u00e9publique espagnole.<\/p>\n<p>Mais je pense aussi \u00e0 tous ces militaires qui ont combattu contre le fascisme,  au premier d\u00e9tachement de la division blind\u00e9e, de la Deuxi\u00e8me DB du G\u00e9n\u00e9ral Leclerc, command\u00e9e par le Capitaine Dronne, \u00e0 \u00eatre entr\u00e9e dans Paris le 24 ao\u00fbt 1944, avec La Nueve, compos\u00e9e de nombreux anarchistes espagnols, qui furent des combattants exemplaires.<\/p>\n<p>Je pense \u00e0 tous ces militaires qui ont pay\u00e9 de leurs vies pour la Lib\u00e9ration de la France, apr\u00e8s avoir combattu avec les Brigades internationales comme le Colonel Rol-Tanguy. <\/p>\n<p>Non toutes les arm\u00e9es ne sont pas \u00ab\u00a0l&rsquo;\u00e9cole du crime\u00a0\u00bb il y en eu de nombreuses qui ont permis de nous d\u00e9livrer du joug fasciste. <\/p>\n<p>Tout cela ne peut nous faire oublier  la boucherie de la guerre 14\/18, \u00a0avec la mobilisation de 70\u00a0millions d&rsquo;hommes dans le monde, 10 millions de morts, 20 millions de bless\u00e9s, 640 000 veuves, 760 000 orphelins, 740 000 mutil\u00e9s. C&rsquo;est contre toutes ces horreurs,  contre les risques de guerre qui planent sur le monde, contre la b\u00eate immonde qui guette \u00e0 nos portes, que notre association sera aussi pr\u00e9sente le 11 novembre. La Chanson de Craonne pourra nous rassembler gr\u00e2ce aux paroles recueillies par Paul Vaillant Couturier.<\/p>\n<p>A Tours le 26 octobre 2016<br \/>\nLuis Lopez<br \/>\nPr\u00e9sident de Retirada37<\/p>\n<p>La Chanson de Craonne<\/p>\n<p>Paroles<br \/>\nQuand au bout d&rsquo;huit jours, le r&rsquo;pos termin\u00e9,<br \/>\nOn va r&rsquo;prendre les tranch\u00e9es,\u2028<br \/>\nNotre place est si utile\u2028<br \/>\nQue sans nous on prend la pile.<br \/>\n\u2028Mais c&rsquo;est bien fini, on en a assez,\u2028<br \/>\nPersonn&rsquo; ne veut plus marcher,<br \/>\n\u2028Et le c\u0153ur bien gros, comm&rsquo; dans un sanglot\u2028<br \/>\nOn dit adieu aux civ&rsquo;lots.<br \/>\n\u2028M\u00eame sans tambour, m\u00eame sans trompette,\u2028<br \/>\nOn s&rsquo;en va l\u00e0 haut en baissant la t\u00eate.<br \/>\nRefrain<br \/>\n\u2028Adieu la vie, adieu l&rsquo;amour,<br \/>\n\u2028Adieu toutes les femmes.\u2028<br \/>\nC&rsquo;est bien fini, c&rsquo;est pour toujours,<br \/>\n\u2028De cette guerre inf\u00e2me.\u2028<br \/>\nC&rsquo;est \u00e0 Craonne, sur le plateau,<br \/>\n\u2028Qu&rsquo;on doit laisser sa peau\u2028<br \/>\nCar nous sommes tous condamn\u00e9s<br \/>\n\u2028C&rsquo;est nous les sacrifi\u00e9s\u00a0!<br \/>\nC&rsquo;est malheureux d&rsquo;voir sur les grands boul&rsquo;vards\u2028<br \/>\nTous ces gros qui font leur foire ;<br \/>\n\u2028Si pour eux la vie est rose,<br \/>\n\u2028Pour nous c&rsquo;est pas la m\u00eam&rsquo; chose.<br \/>\n\u2028Au lieu de s&rsquo;cacher, tous ces embusqu\u00e9s,<br \/>\nF&rsquo;raient mieux d&rsquo;monter aux tranch\u00e9es\u2028<br \/>\nPour d\u00e9fendr&rsquo; leurs biens, car nous n&rsquo;avons rien,<br \/>\n\u2028Nous autr&rsquo;s, les pauvr&rsquo;s purotins.<br \/>\n\u2028Tous les camarades sont enterr\u00e9s l\u00e0,<br \/>\n\u2028Pour d\u00e9fendr&rsquo; les biens de ces messieurs-l\u00e0.<br \/>\nau Refrain<br \/>\nHuit jours de tranch\u00e9es, huit jours de souffrance,<br \/>\n\u2028Pourtant on a l&rsquo;esp\u00e9rance\u2028<br \/>\nQue ce soir viendra la r&rsquo;l\u00e8ve\u2028<br \/>\nQue nous attendons sans tr\u00eave.\u2028<br \/>\nSoudain, dans la nuit et dans le silence,<br \/>\n\u2028On voit quelqu&rsquo;un qui s&rsquo;avance,\u2028<br \/>\nC&rsquo;est un officier de chasseurs \u00e0 pied,<br \/>\n\u2028Qui vient pour nous remplacer.<br \/>\n\u2028Doucement dans l&rsquo;ombre, sous la pluie qui tombe<br \/>\n\u2028Les petits chasseurs vont chercher leurs tombes.<\/p>\n<p>Refrain\u2028<br \/>\nCeux qu&rsquo;ont l&rsquo;pognon, ceux-l\u00e0 r&rsquo;viendront,<br \/>\n\u2028Car c&rsquo;est pour eux qu&rsquo;on cr\u00e8ve.<br \/>\n\u2028Mais c&rsquo;est fini, car les trouffions\u2028<br \/>\nVont tous se mettre en gr\u00e8ve.<br \/>\n\u2028Ce s&rsquo;ra votre tour, messieurs les gros,\u2028<br \/>\nDe monter sur l&rsquo;plateau,\u2028Car si vous voulez la guerre,<br \/>\n\u2028Payez-la de votre peau\u00a0!<\/p>\n","protected":false},"excerpt":{"rendered":"<p>Notre association est signataire comme elle l&rsquo;a fait l&rsquo;an dernier pour appeler au rassemblement du 11 novembre devant l&rsquo;Universit\u00e9. Pour d\u00e9noncer cette guerre inf\u00e2me que fut la premi\u00e8re guerre mondiale. Retirada37 a \u00e9t\u00e9 cr\u00e9\u00e9e \u00ab\u00a0pour faire vivre les m\u00e9moires et les valeurs des R\u00e9publicains espagnols exil\u00e9s\u00a0\u00bb et parmi eux figuraient des militants de diff\u00e9rentes causes &hellip; <a href=\"https:\/\/retirada37.com\/?p=1243\" class=\"more-link\">Continuer la lecture de <span class=\"screen-reader-text\">POURQUOI NOUS SERONS PRESENTS LE 11 NOVEMBRE &#8211; Point de vue<\/span>  <span class=\"meta-nav\">&rarr;<\/span><\/a><\/p>\n","protected":false},"author":2,"featured_media":0,"comment_status":"open","ping_status":"open","sticky":false,"template":"","format":"standard","meta":{"_bbp_topic_count":0,"_bbp_reply_count":0,"_bbp_total_topic_count":0,"_bbp_total_reply_count":0,"_bbp_voice_count":0,"_bbp_anonymous_reply_count":0,"_bbp_topic_count_hidden":0,"_bbp_reply_count_hidden":0,"_bbp_forum_subforum_count":0,"footnotes":""},"categories":[2],"tags":[],"class_list":["post-1243","post","type-post","status-publish","format-standard","hentry","category-actualites"],"_links":{"self":[{"href":"https:\/\/retirada37.com\/index.php?rest_route=\/wp\/v2\/posts\/1243","targetHints":{"allow":["GET"]}}],"collection":[{"href":"https:\/\/retirada37.com\/index.php?rest_route=\/wp\/v2\/posts"}],"about":[{"href":"https:\/\/retirada37.com\/index.php?rest_route=\/wp\/v2\/types\/post"}],"author":[{"embeddable":true,"href":"https:\/\/retirada37.com\/index.php?rest_route=\/wp\/v2\/users\/2"}],"replies":[{"embeddable":true,"href":"https:\/\/retirada37.com\/index.php?rest_route=%2Fwp%2Fv2%2Fcomments&post=1243"}],"version-history":[{"count":1,"href":"https:\/\/retirada37.com\/index.php?rest_route=\/wp\/v2\/posts\/1243\/revisions"}],"predecessor-version":[{"id":1245,"href":"https:\/\/retirada37.com\/index.php?rest_route=\/wp\/v2\/posts\/1243\/revisions\/1245"}],"wp:attachment":[{"href":"https:\/\/retirada37.com\/index.php?rest_route=%2Fwp%2Fv2%2Fmedia&parent=1243"}],"wp:term":[{"taxonomy":"category","embeddable":true,"href":"https:\/\/retirada37.com\/index.php?rest_route=%2Fwp%2Fv2%2Fcategories&post=1243"},{"taxonomy":"post_tag","embeddable":true,"href":"https:\/\/retirada37.com\/index.php?rest_route=%2Fwp%2Fv2%2Ftags&post=1243"}],"curies":[{"name":"wp","href":"https:\/\/api.w.org\/{rel}","templated":true}]}}