{"id":1209,"date":"2016-08-29T17:39:21","date_gmt":"2016-08-29T16:39:21","guid":{"rendered":"http:\/\/retirada37.com\/?p=1209"},"modified":"2016-08-29T17:39:21","modified_gmt":"2016-08-29T16:39:21","slug":"retour-en-photos-sur-lapres-midi-en-hommage-a-emilio-marco","status":"publish","type":"post","link":"https:\/\/retirada37.com\/?p=1209","title":{"rendered":"Retour en photos sur l&rsquo;apr\u00e8s midi en hommage \u00e0 Emilio Marco"},"content":{"rendered":"<p>C&rsquo;\u00e9tait ce samedi 25 juin 2016, \u00e0 la biblioth\u00e8que municipale de Saint-Pierre-des-Corps :<\/p>\n<p><img loading=\"lazy\" decoding=\"async\" class=\"alignnone size-full wp-image-1210\" src=\"https:\/\/retirada37.com\/wp-content\/uploads\/2016\/08\/DSC09447.jpeg\" alt=\"DSC09447\" width=\"640\" height=\"430\" srcset=\"https:\/\/retirada37.com\/wp-content\/uploads\/2016\/08\/DSC09447.jpeg 640w, https:\/\/retirada37.com\/wp-content\/uploads\/2016\/08\/DSC09447-300x202.jpeg 300w\" sizes=\"auto, (max-width: 640px) 100vw, 640px\" \/> <img loading=\"lazy\" decoding=\"async\" class=\"alignnone size-full wp-image-1211\" src=\"https:\/\/retirada37.com\/wp-content\/uploads\/2016\/08\/DSC09448.jpeg\" alt=\"DSC09448\" width=\"427\" height=\"640\" srcset=\"https:\/\/retirada37.com\/wp-content\/uploads\/2016\/08\/DSC09448.jpeg 427w, https:\/\/retirada37.com\/wp-content\/uploads\/2016\/08\/DSC09448-200x300.jpeg 200w\" sizes=\"auto, (max-width: 427px) 100vw, 427px\" \/> <img loading=\"lazy\" decoding=\"async\" class=\"alignnone size-full wp-image-1212\" src=\"https:\/\/retirada37.com\/wp-content\/uploads\/2016\/08\/DSC09450.jpeg\" alt=\"DSC09450\" width=\"640\" height=\"427\" srcset=\"https:\/\/retirada37.com\/wp-content\/uploads\/2016\/08\/DSC09450.jpeg 640w, https:\/\/retirada37.com\/wp-content\/uploads\/2016\/08\/DSC09450-300x200.jpeg 300w\" sizes=\"auto, (max-width: 640px) 100vw, 640px\" \/> <img loading=\"lazy\" decoding=\"async\" class=\"alignnone size-full wp-image-1213\" src=\"https:\/\/retirada37.com\/wp-content\/uploads\/2016\/08\/DSC09453.jpeg\" alt=\"DSC09453\" width=\"640\" height=\"406\" srcset=\"https:\/\/retirada37.com\/wp-content\/uploads\/2016\/08\/DSC09453.jpeg 640w, https:\/\/retirada37.com\/wp-content\/uploads\/2016\/08\/DSC09453-300x190.jpeg 300w\" sizes=\"auto, (max-width: 640px) 100vw, 640px\" \/> <img loading=\"lazy\" decoding=\"async\" class=\"alignnone size-full wp-image-1214\" src=\"https:\/\/retirada37.com\/wp-content\/uploads\/2016\/08\/DSC09459.jpeg\" alt=\"DSC09459\" width=\"427\" height=\"640\" srcset=\"https:\/\/retirada37.com\/wp-content\/uploads\/2016\/08\/DSC09459.jpeg 427w, https:\/\/retirada37.com\/wp-content\/uploads\/2016\/08\/DSC09459-200x300.jpeg 200w\" sizes=\"auto, (max-width: 427px) 100vw, 427px\" \/> <img loading=\"lazy\" decoding=\"async\" class=\"alignnone size-full wp-image-1215\" src=\"https:\/\/retirada37.com\/wp-content\/uploads\/2016\/08\/DSC09460.jpeg\" alt=\"DSC09460\" width=\"427\" height=\"640\" srcset=\"https:\/\/retirada37.com\/wp-content\/uploads\/2016\/08\/DSC09460.jpeg 427w, https:\/\/retirada37.com\/wp-content\/uploads\/2016\/08\/DSC09460-200x300.jpeg 200w\" sizes=\"auto, (max-width: 427px) 100vw, 427px\" \/> <img loading=\"lazy\" decoding=\"async\" class=\"alignnone size-full wp-image-1216\" src=\"https:\/\/retirada37.com\/wp-content\/uploads\/2016\/08\/DSC09462.jpeg\" alt=\"DSC09462\" width=\"427\" height=\"640\" srcset=\"https:\/\/retirada37.com\/wp-content\/uploads\/2016\/08\/DSC09462.jpeg 427w, https:\/\/retirada37.com\/wp-content\/uploads\/2016\/08\/DSC09462-200x300.jpeg 200w\" sizes=\"auto, (max-width: 427px) 100vw, 427px\" \/> <img loading=\"lazy\" decoding=\"async\" class=\"alignnone size-full wp-image-1217\" src=\"https:\/\/retirada37.com\/wp-content\/uploads\/2016\/08\/DSC09467.jpeg\" alt=\"DSC09467\" width=\"640\" height=\"427\" srcset=\"https:\/\/retirada37.com\/wp-content\/uploads\/2016\/08\/DSC09467.jpeg 640w, https:\/\/retirada37.com\/wp-content\/uploads\/2016\/08\/DSC09467-300x200.jpeg 300w\" sizes=\"auto, (max-width: 640px) 100vw, 640px\" \/> <img loading=\"lazy\" decoding=\"async\" class=\"alignnone size-full wp-image-1218\" src=\"https:\/\/retirada37.com\/wp-content\/uploads\/2016\/08\/DSC09472.jpeg\" alt=\"DSC09472\" width=\"427\" height=\"640\" srcset=\"https:\/\/retirada37.com\/wp-content\/uploads\/2016\/08\/DSC09472.jpeg 427w, https:\/\/retirada37.com\/wp-content\/uploads\/2016\/08\/DSC09472-200x300.jpeg 200w\" sizes=\"auto, (max-width: 427px) 100vw, 427px\" \/><\/p>\n<p>&nbsp;<\/p>\n<p>&nbsp;<\/p>\n<p>&nbsp;<\/p>\n","protected":false},"excerpt":{"rendered":"<p>C&rsquo;\u00e9tait ce samedi 25 juin 2016, \u00e0 la biblioth\u00e8que municipale de Saint-Pierre-des-Corps : &nbsp; &nbsp; &nbsp;<\/p>\n","protected":false},"author":3,"featured_media":0,"comment_status":"open","ping_status":"open","sticky":false,"template":"","format":"image","meta":{"_bbp_topic_count":0,"_bbp_reply_count":0,"_bbp_total_topic_count":0,"_bbp_total_reply_count":0,"_bbp_voice_count":0,"_bbp_anonymous_reply_count":0,"_bbp_topic_count_hidden":0,"_bbp_reply_count_hidden":0,"_bbp_forum_subforum_count":0,"footnotes":""},"categories":[14,15],"tags":[],"class_list":["post-1209","post","type-post","status-publish","format-image","hentry","category-histoire","category-temoignages-et-recits","post_format-post-format-image"],"_links":{"self":[{"href":"https:\/\/retirada37.com\/index.php?rest_route=\/wp\/v2\/posts\/1209","targetHints":{"allow":["GET"]}}],"collection":[{"href":"https:\/\/retirada37.com\/index.php?rest_route=\/wp\/v2\/posts"}],"about":[{"href":"https:\/\/retirada37.com\/index.php?rest_route=\/wp\/v2\/types\/post"}],"author":[{"embeddable":true,"href":"https:\/\/retirada37.com\/index.php?rest_route=\/wp\/v2\/users\/3"}],"replies":[{"embeddable":true,"href":"https:\/\/retirada37.com\/index.php?rest_route=%2Fwp%2Fv2%2Fcomments&post=1209"}],"version-history":[{"count":1,"href":"https:\/\/retirada37.com\/index.php?rest_route=\/wp\/v2\/posts\/1209\/revisions"}],"predecessor-version":[{"id":1219,"href":"https:\/\/retirada37.com\/index.php?rest_route=\/wp\/v2\/posts\/1209\/revisions\/1219"}],"wp:attachment":[{"href":"https:\/\/retirada37.com\/index.php?rest_route=%2Fwp%2Fv2%2Fmedia&parent=1209"}],"wp:term":[{"taxonomy":"category","embeddable":true,"href":"https:\/\/retirada37.com\/index.php?rest_route=%2Fwp%2Fv2%2Fcategories&post=1209"},{"taxonomy":"post_tag","embeddable":true,"href":"https:\/\/retirada37.com\/index.php?rest_route=%2Fwp%2Fv2%2Ftags&post=1209"}],"curies":[{"name":"wp","href":"https:\/\/api.w.org\/{rel}","templated":true}]}}