{"id":1200,"date":"2016-08-25T16:10:41","date_gmt":"2016-08-25T15:10:41","guid":{"rendered":"http:\/\/retirada37.com\/?p=1200"},"modified":"2016-08-25T16:15:22","modified_gmt":"2016-08-25T15:15:22","slug":"mort-dun-republicain-espagnol","status":"publish","type":"post","link":"https:\/\/retirada37.com\/?p=1200","title":{"rendered":"Mort d&rsquo;un r\u00e9publicain espagnol ?"},"content":{"rendered":"<p style=\"text-align: center\">La c\u00e9l\u00e8bre photo de R. Capa ne drevait-elle pas \u00eatre re-l\u00e9gender en\u00a0: \u00ab\u00a0<i>Mort d\u2019un c\u00e9n\u00e9tiste espagnol sur le front d\u2019Andalousie en 1936<\/i> \u00a0\u00bb ?<\/p>\n<p style=\"text-align: center\"><img loading=\"lazy\" decoding=\"async\" class=\"size-full wp-image-1201 alignright\" src=\"https:\/\/retirada37.com\/wp-content\/uploads\/2016\/08\/image001.jpg\" alt=\"image001\" width=\"600\" height=\"398\" srcset=\"https:\/\/retirada37.com\/wp-content\/uploads\/2016\/08\/image001.jpg 600w, https:\/\/retirada37.com\/wp-content\/uploads\/2016\/08\/image001-300x199.jpg 300w\" sizes=\"auto, (max-width: 600px) 100vw, 600px\" \/><\/p>\n<p>&nbsp;<\/p>\n<p>&nbsp;<\/p>\n<p>&nbsp;<\/p>\n<p>&nbsp;<\/p>\n<p>&nbsp;<\/p>\n<p>&nbsp;<\/p>\n<p>&nbsp;<\/p>\n<p>&nbsp;<\/p>\n<p>&nbsp;<\/p>\n<p>Puisqu<strong>&lsquo;<\/strong>il s&rsquo;agissait de<strong> Federico Borrell Garc\u00eda \u00ab\u00a0Taino\u00a0\u00bb <\/strong>\u00a0:\u00a0 Il \u00e9tait anarcho-syndicaliste, militant de la CNT et fondateur des jeunesses libertaires (FIJL) \u00e0 Alcoy : <img loading=\"lazy\" decoding=\"async\" class=\"alignnone size-full wp-image-1202\" src=\"https:\/\/retirada37.com\/wp-content\/uploads\/2016\/08\/image002.jpg\" alt=\"image002\" width=\"700\" height=\"332\" srcset=\"https:\/\/retirada37.com\/wp-content\/uploads\/2016\/08\/image002.jpg 700w, https:\/\/retirada37.com\/wp-content\/uploads\/2016\/08\/image002-300x142.jpg 300w\" sizes=\"auto, (max-width: 700px) 100vw, 700px\" \/><\/p>\n","protected":false},"excerpt":{"rendered":"<p>La c\u00e9l\u00e8bre photo de R. Capa ne drevait-elle pas \u00eatre re-l\u00e9gender en\u00a0: \u00ab\u00a0Mort d\u2019un c\u00e9n\u00e9tiste espagnol sur le front d\u2019Andalousie en 1936 \u00a0\u00bb ? &nbsp; &nbsp; &nbsp; &nbsp; &nbsp; &nbsp; &nbsp; &nbsp; &nbsp; Puisqu&lsquo;il s&rsquo;agissait de Federico Borrell Garc\u00eda \u00ab\u00a0Taino\u00a0\u00bb \u00a0:\u00a0 Il \u00e9tait anarcho-syndicaliste, militant de la CNT et fondateur des jeunesses libertaires (FIJL) \u00e0 &hellip; <a href=\"https:\/\/retirada37.com\/?p=1200\" class=\"more-link\">Continuer la lecture de <span class=\"screen-reader-text\">Mort d&rsquo;un r\u00e9publicain espagnol ?<\/span>  <span class=\"meta-nav\">&rarr;<\/span><\/a><\/p>\n","protected":false},"author":3,"featured_media":0,"comment_status":"open","ping_status":"open","sticky":false,"template":"","format":"standard","meta":{"_bbp_topic_count":0,"_bbp_reply_count":0,"_bbp_total_topic_count":0,"_bbp_total_reply_count":0,"_bbp_voice_count":0,"_bbp_anonymous_reply_count":0,"_bbp_topic_count_hidden":0,"_bbp_reply_count_hidden":0,"_bbp_forum_subforum_count":0,"footnotes":""},"categories":[20,14],"tags":[],"class_list":["post-1200","post","type-post","status-publish","format-standard","hentry","category-culture","category-histoire"],"_links":{"self":[{"href":"https:\/\/retirada37.com\/index.php?rest_route=\/wp\/v2\/posts\/1200","targetHints":{"allow":["GET"]}}],"collection":[{"href":"https:\/\/retirada37.com\/index.php?rest_route=\/wp\/v2\/posts"}],"about":[{"href":"https:\/\/retirada37.com\/index.php?rest_route=\/wp\/v2\/types\/post"}],"author":[{"embeddable":true,"href":"https:\/\/retirada37.com\/index.php?rest_route=\/wp\/v2\/users\/3"}],"replies":[{"embeddable":true,"href":"https:\/\/retirada37.com\/index.php?rest_route=%2Fwp%2Fv2%2Fcomments&post=1200"}],"version-history":[{"count":4,"href":"https:\/\/retirada37.com\/index.php?rest_route=\/wp\/v2\/posts\/1200\/revisions"}],"predecessor-version":[{"id":1206,"href":"https:\/\/retirada37.com\/index.php?rest_route=\/wp\/v2\/posts\/1200\/revisions\/1206"}],"wp:attachment":[{"href":"https:\/\/retirada37.com\/index.php?rest_route=%2Fwp%2Fv2%2Fmedia&parent=1200"}],"wp:term":[{"taxonomy":"category","embeddable":true,"href":"https:\/\/retirada37.com\/index.php?rest_route=%2Fwp%2Fv2%2Fcategories&post=1200"},{"taxonomy":"post_tag","embeddable":true,"href":"https:\/\/retirada37.com\/index.php?rest_route=%2Fwp%2Fv2%2Ftags&post=1200"}],"curies":[{"name":"wp","href":"https:\/\/api.w.org\/{rel}","templated":true}]}}